{"id":369016,"date":"2026-01-15T14:47:19","date_gmt":"2026-01-15T13:47:19","guid":{"rendered":"https:\/\/dutchhealthstore.com\/?p=369016"},"modified":"2026-01-16T11:01:53","modified_gmt":"2026-01-16T10:01:53","slug":"lelfstedentocht-le-coeur-de-lhiver-neerlandais","status":"publish","type":"post","link":"https:\/\/dutchhealthstore.com\/fr\/lelfstedentocht-le-coeur-de-lhiver-neerlandais\/","title":{"rendered":"L&rsquo;Elfstedentocht&nbsp;: le c\u0153ur de l&rsquo;hiver n\u00e9erlandais"},"content":{"rendered":"\n\n\t<section class=\"section\" id=\"section_1402780062\">\n\t\t<div class=\"section-bg fill\" >\n\t\t\t\t\t\t\t\t\t\n\t\t\t\n\n\t\t<\/div>\n\n\t\t\n\n\t\t<div class=\"section-content relative\">\n\t\t\t\n\n<div class=\"row\"  id=\"row-1756175950\">\n\n\n\t<div id=\"col-253219240\" class=\"col small-12 large-12\"  >\n\t\t\t\t<div class=\"col-inner\"  >\n\t\t\t\n\t\t\t\n\n<p>L&rsquo;Elfstedentocht est bien plus qu&rsquo;une course de patinage sur glace. C&rsquo;est un symbole national. Une histoire de froid, de pers\u00e9v\u00e9rance, de convivialit\u00e9 et d&rsquo;espoir. M\u00eame les personnes qui n&rsquo;ont jamais chauss\u00e9 de patins savent exactement ce que l&rsquo;on veut dire quand quelqu&rsquo;un dit&nbsp;: \u00ab&nbsp;It giet oan.&nbsp;\u00bb   <\/p>\n<p>Dans ce blog, nous plongeons au c\u0153ur de l&rsquo;histoire, de la signification, du parcours, des mythes et de la raison pour laquelle l&rsquo;Elfstedentocht est toujours bien vivante, malgr\u00e9 le fait qu&rsquo;elle n&rsquo;ait pas eu lieu depuis des d\u00e9cennies.<\/p>\n\n\t\t<\/div>\n\t\t\t\t\t<\/div>\n\n\t\n\n<\/div>\n\n\t\t<\/div>\n\n\t\t\n<style>\n#section_1402780062 {\n  padding-top: 30px;\n  padding-bottom: 30px;\n}\n<\/style>\n\t<\/section>\n\t\n\n\t<section class=\"section\" id=\"section_1337590375\">\n\t\t<div class=\"section-bg fill\" >\n\t\t\t\t\t\t\t\t\t\n\t\t\t\n\n\t\t<\/div>\n\n\t\t\n\n\t\t<div class=\"section-content relative\">\n\t\t\t\n\n<div class=\"row\"  id=\"row-1271856977\">\n\n\n\t<div id=\"col-462392605\" class=\"col medium-8 small-12 large-8\"  >\n\t\t\t\t<div class=\"col-inner\"  >\n\t\t\t\n\t\t\t\n\n<p><strong>Qu&rsquo;est-ce que l&rsquo;Elfstedentocht&nbsp;?<\/strong><\/p>\n<p>L&rsquo;Elfstedentocht est une course et un circuit de patinage sur glace de pr\u00e8s de 200 kilom\u00e8tres sur glace naturelle dans la province de Frise. Le parcours relie onze villes frisonnes historiques via des canaux, des lacs et des cours d&rsquo;eau. L&rsquo;\u00e9v\u00e9nement ne peut avoir lieu que si la glace est \u00e9paisse et s\u00fbre partout le long du parcours. Et c&rsquo;est pr\u00e9cis\u00e9ment ce qui la rend si sp\u00e9ciale : elle ne peut pas \u00eatre planifi\u00e9e.   <\/p>\n<p>Ce n&rsquo;est pas un \u00e9v\u00e9nement annuel. Il n&rsquo;y a pas de date fixe. Aucune garantie. Parfois, cela se produit plus d&rsquo;une fois en quelques d\u00e9cennies, parfois pas du tout. Cette impr\u00e9visibilit\u00e9 a conf\u00e9r\u00e9 \u00e0 l&rsquo;Elfstedentocht un statut presque mythique.    <\/p>\n<p data-start=\"93\" data-end=\"634\">La participation \u00e0 l&rsquo;Elfstedentocht est limit\u00e9e. Seul un nombre fixe de patineurs est autoris\u00e9 \u00e0 participer. Pour \u00eatre \u00e9ligibles, les patineurs doivent s&rsquo;inscrire \u00e0 l&rsquo;avance et satisfaire \u00e0 des exigences sp\u00e9cifiques. Les participants r\u00e9cr\u00e9atifs doivent \u00eatre membres de la Koninklijke Vereniging De Friesche Elf Steden et \u00eatre titulaires d&rsquo;une licence de patinage valide. Les participants inscrits re\u00e7oivent une carte de d\u00e9part officielle, qui est obligatoire pour commencer le circuit et pour collecter les tampons dans chacune des onze villes le long du parcours.    <\/p>\n<p data-start=\"636\" data-end=\"964\" data-is-last-node=\"\" data-is-only-node=\"\">Parce que l&rsquo;\u00e9v\u00e9nement est si rare, de nombreuses personnes se sont historiquement rendues en Frise, quoi qu&rsquo;il arrive. Lorsque l&rsquo;Elfstedentocht \u00e9tait annonc\u00e9e, des spectateurs et des patineurs pleins d&rsquo;espoir arrivaient en grand nombre, certains simplement pour profiter de l&rsquo;atmosph\u00e8re, d&rsquo;autres dans l&rsquo;espoir que des places puissent se lib\u00e9rer si des participants inscrits se retiraient. <\/p>\n\n\t\t<\/div>\n\t\t\t\t\t<\/div>\n\n\t\n\n\t<div id=\"col-1537280222\" class=\"col medium-4 small-12 large-4\"  >\n\t\t\t\t<div class=\"col-inner\"  >\n\t\t\t\n\t\t\t\n\n\t<div class=\"img has-hover x md-x lg-x y md-y lg-y\" id=\"image_121168028\">\n\t\t\t\t\t\t\t\t<div class=\"img-inner dark\" >\n\t\t\t<img fetchpriority=\"high\" decoding=\"async\" width=\"1020\" height=\"676\" src=\"https:\/\/dutchhealthstore.com\/wp-content\/uploads\/2026\/01\/NL-HaNA_2.24.01.05_0_933-5780-groot-1207x800.jpg\" class=\"attachment-large size-large\" alt=\"\" srcset=\"https:\/\/dutchhealthstore.com\/wp-content\/uploads\/2026\/01\/NL-HaNA_2.24.01.05_0_933-5780-groot-1207x800.jpg 1207w, https:\/\/dutchhealthstore.com\/wp-content\/uploads\/2026\/01\/NL-HaNA_2.24.01.05_0_933-5780-groot-603x400.jpg 603w, https:\/\/dutchhealthstore.com\/wp-content\/uploads\/2026\/01\/NL-HaNA_2.24.01.05_0_933-5780-groot-768x509.jpg 768w, https:\/\/dutchhealthstore.com\/wp-content\/uploads\/2026\/01\/NL-HaNA_2.24.01.05_0_933-5780-groot-1536x1018.jpg 1536w, https:\/\/dutchhealthstore.com\/wp-content\/uploads\/2026\/01\/NL-HaNA_2.24.01.05_0_933-5780-groot-2048x1358.jpg 2048w, https:\/\/dutchhealthstore.com\/wp-content\/uploads\/2026\/01\/NL-HaNA_2.24.01.05_0_933-5780-groot-75x50.jpg 75w, https:\/\/dutchhealthstore.com\/wp-content\/uploads\/2026\/01\/NL-HaNA_2.24.01.05_0_933-5780-groot-530x351.jpg 530w, https:\/\/dutchhealthstore.com\/wp-content\/uploads\/2026\/01\/NL-HaNA_2.24.01.05_0_933-5780-groot-64x42.jpg 64w\" sizes=\"(max-width: 1020px) 100vw, 1020px\" \/>\t\t\t\t\t\t\n\t\t\t\t\t\t\t<div class=\"caption\">[photographer] , National Archives \/ [collection name]<\/div>\n\t\t\t\t\t<\/div>\n\t\t\t\t\t\t\t\t\n<style>\n#image_121168028 {\n  width: 100%;\n}\n<\/style>\n\t<\/div>\n\t\n\n<p><span style=\"font-size: 90%;\">Lors de l&rsquo;inscription \u00e0 la 14e&nbsp;\u00e9dition de l&rsquo;Elfstedentocht, des hommes se tenaient debout avec des panneaux demandant des inscriptions.<\/span><\/p>\n\n\t\t<\/div>\n\t\t\t\t\t<\/div>\n\n\t\n\n<\/div>\n\n\t\t<\/div>\n\n\t\t\n<style>\n#section_1337590375 {\n  padding-top: 30px;\n  padding-bottom: 30px;\n}\n<\/style>\n\t<\/section>\n\t\n\n\t<section class=\"section\" id=\"section_1229019663\">\n\t\t<div class=\"section-bg fill\" >\n\t\t\t\t\t\t\t\t\t\n\t\t\t\n\n\t\t<\/div>\n\n\t\t\n\n\t\t<div class=\"section-content relative\">\n\t\t\t\n\n<div class=\"row\"  id=\"row-1275064336\">\n\n\n\t<div id=\"col-752837197\" class=\"col small-12 large-12\"  >\n\t\t\t\t<div class=\"col-inner\"  >\n\t\t\t\n\t\t\t\n\n<p><strong>Les onze villes du circuit<\/strong><\/p>\n<p>Le parcours traverse traditionnellement ces onze villes frisonnes, dans cet ordre&nbsp;:<\/p>\n\n\t\t<\/div>\n\t\t\t\t\t<\/div>\n\n\t\n\n\t<div id=\"col-741036211\" class=\"col medium-5 small-12 large-5\"  >\n\t\t\t\t<div class=\"col-inner\"  >\n\t\t\t\n\t\t\t\n\n<ul style=\"list-style-type: disc;\">\n<li>Leeuwarden<\/li>\n<li>Sneek<\/li>\n<li>IJlst<\/li>\n<li>Sloten<\/li>\n<li>Stavoren<\/li>\n<li>Hindeloopen<\/li>\n<li>Workum<\/li>\n<li>Bolsward<\/li>\n<li>Harlingen<\/li>\n<li>Franeker<\/li>\n<li>Dokkum<\/li>\n<\/ul>\n<p>Le d\u00e9part et l&rsquo;arriv\u00e9e se font \u00e0 Leeuwarden, le c\u0153ur battant de la Frise. Bien que le parcours exact puisse varier l\u00e9g\u00e8rement d&rsquo;une \u00e9dition \u00e0 l&rsquo;autre en raison des conditions de glace, les villes elles-m\u00eames ne changent jamais. Cette coh\u00e9rence rend le circuit reconnaissable et intemporel, malgr\u00e9 l&rsquo;impr\u00e9visibilit\u00e9 de la nature.  <\/p>\n\n\t\t<\/div>\n\t\t\t\t\t<\/div>\n\n\t\n\n\t<div id=\"col-1304025414\" class=\"col medium-7 small-12 large-7\"  >\n\t\t\t\t<div class=\"col-inner\"  >\n\t\t\t\n\t\t\t\n\n\t<div class=\"img has-hover x md-x lg-x y md-y lg-y\" id=\"image_2075554473\">\n\t\t\t\t\t\t\t\t<div class=\"img-inner dark\" >\n\t\t\t<img decoding=\"async\" width=\"1\" height=\"1\" src=\"https:\/\/dutchhealthstore.com\/wp-content\/uploads\/2026\/01\/Elfstedentocht_routekaart_OSM-1.png\" class=\"attachment-large size-large\" alt=\"\" \/>\t\t\t\t\t\t\n\t\t\t\t\t\t\t<div class=\"caption\">Condor3d. Kaart op basis van OpenStreetMap.<\/div>\n\t\t\t\t\t<\/div>\n\t\t\t\t\t\t\t\t\n<style>\n#image_2075554473 {\n  width: 100%;\n}\n<\/style>\n\t<\/div>\n\t\n\n\n\t\t<\/div>\n\t\t\t\t\t<\/div>\n\n\t\n\n<\/div>\n\n\t\t<\/div>\n\n\t\t\n<style>\n#section_1229019663 {\n  padding-top: 30px;\n  padding-bottom: 30px;\n}\n<\/style>\n\t<\/section>\n\t\n\n\t<section class=\"section\" id=\"section_217332902\">\n\t\t<div class=\"section-bg fill\" >\n\t\t\t\t\t\t\t\t\t\n\t\t\t\n\n\t\t<\/div>\n\n\t\t\n\n\t\t<div class=\"section-content relative\">\n\t\t\t\n\n<div class=\"row\"  id=\"row-1579142244\">\n\n\n\t<div id=\"col-1061443895\" class=\"col small-12 large-12\"  >\n\t\t\t\t<div class=\"col-inner\"  >\n\t\t\t\n\t\t\t\n\n<p><strong>Un circuit d&rsquo;extr\u00eames&nbsp;: distance et conditions<\/strong><\/p>\n<p>Patiner pr\u00e8s de 200 kilom\u00e8tres sur glace naturelle est exigeant, m\u00eame dans des conditions parfaites. Pendant l&rsquo;Elfstedentocht, les conditions sont rarement parfaites. Les participants peuvent \u00eatre confront\u00e9s \u00e0 :  <\/p>\n<ul style=\"list-style-type: disc;\">\n<li>de forts vents contraires<\/li>\n<li>de la neige sur la glace<\/li>\n<li>des fissures et des surfaces rugueuses<\/li>\n<li>un froid extr\u00eame<\/li>\n<li>de l&rsquo;\u00e9puisement et des crampes<\/li>\n<\/ul>\n<p>C&rsquo;est pourquoi l&rsquo;Elfstedentocht n&rsquo;est pas seulement un d\u00e9fi sportif, mais aussi un d\u00e9fi mental. Quiconque atteint l&rsquo;arriv\u00e9e a accompli quelque chose d&rsquo;extraordinaire. <\/p>\n\n\t\t<\/div>\n\t\t\t\t\t<\/div>\n\n\t\n\n<\/div>\n\n\t\t<\/div>\n\n\t\t\n<style>\n#section_217332902 {\n  padding-top: 30px;\n  padding-bottom: 30px;\n}\n<\/style>\n\t<\/section>\n\t\n\n\t<section class=\"section\" id=\"section_1942233910\">\n\t\t<div class=\"section-bg fill\" >\n\t\t\t\t\t\t\t\t\t\n\t\t\t\n\n\t\t<\/div>\n\n\t\t\n\n\t\t<div class=\"section-content relative\">\n\t\t\t\n\n<div class=\"row\"  id=\"row-799085174\">\n\n\n\t<div id=\"col-436853781\" class=\"col medium-4 small-12 large-4\"  >\n\t\t\t\t<div class=\"col-inner\"  >\n\t\t\t\n\t\t\t\n\n\t<div class=\"img has-hover x md-x lg-x y md-y lg-y\" id=\"image_1380145687\">\n\t\t\t\t\t\t\t\t<div class=\"img-inner dark\" >\n\t\t\t<img decoding=\"async\" width=\"1020\" height=\"676\" src=\"https:\/\/dutchhealthstore.com\/wp-content\/uploads\/2026\/01\/NL-HaNA_2.24.01.05_0_933-5774-groot-1207x800.jpg\" class=\"attachment-large size-large\" alt=\"\" srcset=\"https:\/\/dutchhealthstore.com\/wp-content\/uploads\/2026\/01\/NL-HaNA_2.24.01.05_0_933-5774-groot-1207x800.jpg 1207w, https:\/\/dutchhealthstore.com\/wp-content\/uploads\/2026\/01\/NL-HaNA_2.24.01.05_0_933-5774-groot-603x400.jpg 603w, https:\/\/dutchhealthstore.com\/wp-content\/uploads\/2026\/01\/NL-HaNA_2.24.01.05_0_933-5774-groot-768x509.jpg 768w, https:\/\/dutchhealthstore.com\/wp-content\/uploads\/2026\/01\/NL-HaNA_2.24.01.05_0_933-5774-groot-1536x1018.jpg 1536w, https:\/\/dutchhealthstore.com\/wp-content\/uploads\/2026\/01\/NL-HaNA_2.24.01.05_0_933-5774-groot-2048x1358.jpg 2048w, https:\/\/dutchhealthstore.com\/wp-content\/uploads\/2026\/01\/NL-HaNA_2.24.01.05_0_933-5774-groot-75x50.jpg 75w, https:\/\/dutchhealthstore.com\/wp-content\/uploads\/2026\/01\/NL-HaNA_2.24.01.05_0_933-5774-groot-530x351.jpg 530w, https:\/\/dutchhealthstore.com\/wp-content\/uploads\/2026\/01\/NL-HaNA_2.24.01.05_0_933-5774-groot-64x42.jpg 64w\" sizes=\"(max-width: 1020px) 100vw, 1020px\" \/>\t\t\t\t\t\t\n\t\t\t\t\t\t\t<div class=\"caption\">Bogaerts, Rob, National Archives \/ Fotocollectie Anefo<\/div>\n\t\t\t\t\t<\/div>\n\t\t\t\t\t\t\t\t\n<style>\n#image_1380145687 {\n  width: 100%;\n}\n<\/style>\n\t<\/div>\n\t\n\n\n\t\t<\/div>\n\t\t\t\t\t<\/div>\n\n\t\n\n\t<div id=\"col-718053320\" class=\"col medium-4 small-12 large-4\"  >\n\t\t\t\t<div class=\"col-inner\"  >\n\t\t\t\n\t\t\t\n\n\t<div class=\"img has-hover x md-x lg-x y md-y lg-y\" id=\"image_395579435\">\n\t\t\t\t\t\t\t\t<div class=\"img-inner dark\" >\n\t\t\t<img loading=\"lazy\" decoding=\"async\" width=\"791\" height=\"800\" src=\"https:\/\/dutchhealthstore.com\/wp-content\/uploads\/2026\/01\/NL-HaNA_2.24.01.03_0_906-2798-groot-791x800.jpg\" class=\"attachment-large size-large\" alt=\"\" srcset=\"https:\/\/dutchhealthstore.com\/wp-content\/uploads\/2026\/01\/NL-HaNA_2.24.01.03_0_906-2798-groot-791x800.jpg 791w, https:\/\/dutchhealthstore.com\/wp-content\/uploads\/2026\/01\/NL-HaNA_2.24.01.03_0_906-2798-groot-395x400.jpg 395w, https:\/\/dutchhealthstore.com\/wp-content\/uploads\/2026\/01\/NL-HaNA_2.24.01.03_0_906-2798-groot-768x777.jpg 768w, https:\/\/dutchhealthstore.com\/wp-content\/uploads\/2026\/01\/NL-HaNA_2.24.01.03_0_906-2798-groot-1518x1536.jpg 1518w, https:\/\/dutchhealthstore.com\/wp-content\/uploads\/2026\/01\/NL-HaNA_2.24.01.03_0_906-2798-groot-2024x2048.jpg 2024w, https:\/\/dutchhealthstore.com\/wp-content\/uploads\/2026\/01\/NL-HaNA_2.24.01.03_0_906-2798-groot-49x50.jpg 49w, https:\/\/dutchhealthstore.com\/wp-content\/uploads\/2026\/01\/NL-HaNA_2.24.01.03_0_906-2798-groot-530x536.jpg 530w, https:\/\/dutchhealthstore.com\/wp-content\/uploads\/2026\/01\/NL-HaNA_2.24.01.03_0_906-2798-groot-100x100.jpg 100w, https:\/\/dutchhealthstore.com\/wp-content\/uploads\/2026\/01\/NL-HaNA_2.24.01.03_0_906-2798-groot-64x65.jpg 64w\" sizes=\"(max-width: 791px) 100vw, 791px\" \/>\t\t\t\t\t\t\n\t\t\t\t\t<\/div>\n\t\t\t\t\t\t\t\t\n<style>\n#image_395579435 {\n  width: 100%;\n}\n<\/style>\n\t<\/div>\n\t\n\n\n\t\t<\/div>\n\t\t\t\t\t<\/div>\n\n\t\n\n\t<div id=\"col-767132969\" class=\"col medium-4 small-12 large-4\"  >\n\t\t\t\t<div class=\"col-inner\"  >\n\t\t\t\n\t\t\t\n\n\t<div class=\"img has-hover x md-x lg-x y md-y lg-y\" id=\"image_1023147932\">\n\t\t\t\t\t\t\t\t<div class=\"img-inner dark\" >\n\t\t\t<img loading=\"lazy\" decoding=\"async\" width=\"528\" height=\"800\" src=\"https:\/\/dutchhealthstore.com\/wp-content\/uploads\/2026\/01\/NL-HaNA_2.24.01.05_0_914-7096-groot-528x800.jpg\" class=\"attachment-large size-large\" alt=\"\" srcset=\"https:\/\/dutchhealthstore.com\/wp-content\/uploads\/2026\/01\/NL-HaNA_2.24.01.05_0_914-7096-groot-528x800.jpg 528w, https:\/\/dutchhealthstore.com\/wp-content\/uploads\/2026\/01\/NL-HaNA_2.24.01.05_0_914-7096-groot-264x400.jpg 264w, https:\/\/dutchhealthstore.com\/wp-content\/uploads\/2026\/01\/NL-HaNA_2.24.01.05_0_914-7096-groot-768x1164.jpg 768w, https:\/\/dutchhealthstore.com\/wp-content\/uploads\/2026\/01\/NL-HaNA_2.24.01.05_0_914-7096-groot-1013x1536.jpg 1013w, https:\/\/dutchhealthstore.com\/wp-content\/uploads\/2026\/01\/NL-HaNA_2.24.01.05_0_914-7096-groot-1351x2048.jpg 1351w, https:\/\/dutchhealthstore.com\/wp-content\/uploads\/2026\/01\/NL-HaNA_2.24.01.05_0_914-7096-groot-33x50.jpg 33w, https:\/\/dutchhealthstore.com\/wp-content\/uploads\/2026\/01\/NL-HaNA_2.24.01.05_0_914-7096-groot-530x804.jpg 530w, https:\/\/dutchhealthstore.com\/wp-content\/uploads\/2026\/01\/NL-HaNA_2.24.01.05_0_914-7096-groot-64x97.jpg 64w, https:\/\/dutchhealthstore.com\/wp-content\/uploads\/2026\/01\/NL-HaNA_2.24.01.05_0_914-7096-groot-scaled.jpg 1688w\" sizes=\"(max-width: 528px) 100vw, 528px\" \/>\t\t\t\t\t\t\n\t\t\t\t\t<\/div>\n\t\t\t\t\t\t\t\t\n<style>\n#image_1023147932 {\n  width: 100%;\n}\n<\/style>\n\t<\/div>\n\t\n\n\n\t\t<\/div>\n\t\t\t\t\t<\/div>\n\n\t\n\n<\/div>\n\n\t\t<\/div>\n\n\t\t\n<style>\n#section_1942233910 {\n  padding-top: 30px;\n  padding-bottom: 30px;\n}\n<\/style>\n\t<\/section>\n\t\n\n\t<section class=\"section\" id=\"section_1467595071\">\n\t\t<div class=\"section-bg fill\" >\n\t\t\t\t\t\t\t\t\t\n\t\t\t\n\n\t\t<\/div>\n\n\t\t\n\n\t\t<div class=\"section-content relative\">\n\t\t\t\n\n<div class=\"row\"  id=\"row-806682250\">\n\n\n\t<div id=\"col-223709714\" class=\"col small-12 large-12\"  >\n\t\t\t\t<div class=\"col-inner\"  >\n\t\t\t\n\t\t\t\n\n<p><strong>Pas seulement pour les patineurs d&rsquo;\u00e9lite<\/strong><\/p>\n<p>Bien que les coureurs professionnels re\u00e7oivent une grande partie de l&rsquo;attention des m\u00e9dias, la majorit\u00e9 des participants sont des patineurs amateurs. Des gens ordinaires qui se sont peut-\u00eatre entra\u00een\u00e9s pendant des mois, voire des ann\u00e9es, souvent avec un seul objectif&nbsp;: pouvoir dire pour le reste de leur vie&nbsp;: \u00ab&nbsp;J&rsquo;ai patin\u00e9 l&rsquo;Elfstedentocht.&nbsp;\u00bb <\/p>\n<p>L&rsquo;histoire de l&rsquo;Elfstedentocht<br>Les d\u00e9buts<\/p>\n<p>La premi\u00e8re Elfstedentocht officielle a eu lieu en 1909. Il est rapidement devenu clair qu&rsquo;il ne s&rsquo;agissait pas d&rsquo;un \u00e9v\u00e9nement sportif ordinaire. La combinaison de la nature, de la distance et de la fiert\u00e9 r\u00e9gionale a attir\u00e9 une attention massive. La Frise \u00e9tait au centre de l&rsquo;attention, mais tout le pays regardait.   <\/p>\n<p>Depuis lors, le circuit n&rsquo;a eu lieu que 15&nbsp;fois. Ce faible nombre montre \u00e0 quel point les bonnes conditions sont rares. <\/p>\n\n\t\t<\/div>\n\t\t\t\t\t<\/div>\n\n\t\n\n<\/div>\n\n\t\t<\/div>\n\n\t\t\n<style>\n#section_1467595071 {\n  padding-top: 30px;\n  padding-bottom: 30px;\n}\n<\/style>\n\t<\/section>\n\t\n\n\t<section class=\"section\" id=\"section_746858840\">\n\t\t<div class=\"section-bg fill\" >\n\t\t\t\t\t\t\t\t\t\n\t\t\t\n\n\t\t<\/div>\n\n\t\t\n\n\t\t<div class=\"section-content relative\">\n\t\t\t\n\n<div class=\"row\"  id=\"row-479526502\">\n\n\n\t<div id=\"col-648697863\" class=\"col small-12 large-12\"  >\n\t\t\t\t<div class=\"col-inner\"  >\n\t\t\t\n\t\t\t\n\n<p><strong>\u00c9ditions l\u00e9gendaires<\/strong><\/p>\n<p>Certaines \u00e9ditions sont fermement grav\u00e9es dans la m\u00e9moire collective&nbsp;:<\/p>\n<p style=\"text-align: center;\"><strong>1947<\/strong>&nbsp;\u2013 Chaos, temp\u00eates de neige et froid extr\u00eame<\/p>\n<p style=\"text-align: center;\"><strong>1963<\/strong>&nbsp;\u2013 L&rsquo;\u00e9dition la plus difficile de tous les temps, avec seulement une poign\u00e9e d&rsquo;arrivants<\/p>\n<p style=\"text-align: center;\"><strong>1985 &amp; 1986<\/strong>&nbsp;\u2013 Deux circuits en succession rapide apr\u00e8s une longue absence<\/p>\n<p style=\"text-align: center;\"><strong>1997<\/strong>&nbsp;\u2013 L&rsquo;Elfstedentocht la plus r\u00e9cente \u00e0 ce jour<\/p>\n<p>Chaque \u00e9dition a ses propres histoires, ses h\u00e9ros et ses moments de difficult\u00e9.<\/p>\n\n\t\t<\/div>\n\t\t\t\t\t<\/div>\n\n\t\n\n<\/div>\n<div class=\"row\"  id=\"row-646343532\">\n\n\n\t<div id=\"col-1817099524\" class=\"col small-12 large-12\"  >\n\t\t\t\t<div class=\"col-inner\"  >\n\t\t\t\n\t\t\t\n\n<h1 style=\"text-align: center;\"><span style=\"font-size: 160%;\">It giet oan<\/span><\/h1>\n\n\t\t<\/div>\n\t\t\t\t\t<\/div>\n\n\t\n\n<\/div>\n<div class=\"row\"  id=\"row-1554364002\">\n\n\n\t<div id=\"col-1385435275\" class=\"col small-12 large-12\"  >\n\t\t\t\t<div class=\"col-inner\"  >\n\t\t\t\n\t\t\t\n\n<p>Trois mots qui veulent tout dire<\/p>\n<p>Le moment le plus c\u00e9l\u00e8bre entourant l&rsquo;Elfstedentocht est peut-\u00eatre l&rsquo;annonce de sa tenue. Les mots \u00ab&nbsp;It giet oan&nbsp;\u00bb (frison pour \u00ab&nbsp;C&rsquo;est parti&nbsp;\u00bb) sont l\u00e9gendaires. Ils apportent&nbsp;: de l&rsquo;enthousiasme \u00e0 l&rsquo;\u00e9chelle nationale, des jours de cong\u00e9 spontan\u00e9s, des embouteillages en direction de la Frise et un sentiment d&rsquo;euphorie partag\u00e9  <\/p>\n<p>M\u00eame les personnes qui ne participent pas sentent que quelque chose de sp\u00e9cial se produit. Le pays change, ne serait-ce que bri\u00e8vement. La vie ralentit. Tout le monde parle de la m\u00eame chose.   <\/p>\n\n\t\t<\/div>\n\t\t\t\t\t<\/div>\n\n\t\n\n<\/div>\n\n\t\t<\/div>\n\n\t\t\n<style>\n#section_746858840 {\n  padding-top: 30px;\n  padding-bottom: 30px;\n}\n<\/style>\n\t<\/section>\n\t\n\n\t<section class=\"section\" id=\"section_34219328\">\n\t\t<div class=\"section-bg fill\" >\n\t\t\t\t\t\t\t\t\t\n\t\t\t\n\n\t\t<\/div>\n\n\t\t\n\n\t\t<div class=\"section-content relative\">\n\t\t\t\n\n<div class=\"row\"  id=\"row-422570471\">\n\n\n\t<div id=\"col-288167351\" class=\"col small-12 large-12\"  >\n\t\t\t\t<div class=\"col-inner\"  >\n\t\t\t\n\t\t\t\n\n<p><strong>Le r\u00f4le de la Frise<\/strong><\/p>\n<p>L&rsquo;Elfstedentocht est profond\u00e9ment enracin\u00e9e dans l&rsquo;identit\u00e9 frisonne. Ce n&rsquo;est pas un spectacle commercial, mais un \u00e9v\u00e9nement construit sur&nbsp;: des b\u00e9n\u00e9voles, des inspecteurs de la glace, des points de contr\u00f4le des tampons, une implication locale. <\/p>\n<p>Des milliers de Frisons se consacrent, b\u00e9n\u00e9volement et de tout c\u0153ur, \u00e0 rendre le circuit possible. Sans eux, il n&rsquo;y aurait pas d&rsquo;Elfstedentocht. C&rsquo;est pourquoi ce n&rsquo;est pas un \u00e9v\u00e9nement en Frise, mais vraiment un \u00e9v\u00e9nement de la Frise.  <\/p>\n\n\t\t<\/div>\n\t\t\t\t\t<\/div>\n\n\t\n\n<\/div>\n\n\t\t<\/div>\n\n\t\t\n<style>\n#section_34219328 {\n  padding-top: 30px;\n  padding-bottom: 30px;\n}\n<\/style>\n\t<\/section>\n\t\n\n\t<section class=\"section\" id=\"section_2137088563\">\n\t\t<div class=\"section-bg fill\" >\n\t\t\t\t\t\t\t\t\t\n\t\t\t\n\n\t\t<\/div>\n\n\t\t\n\n\t\t<div class=\"section-content relative\">\n\t\t\t\n\n<div class=\"row\"  id=\"row-810256218\">\n\n\n\t<div id=\"col-1275231844\" class=\"col medium-4 small-12 large-4\"  >\n\t\t\t\t<div class=\"col-inner\"  >\n\t\t\t\n\t\t\t\n\n\t<div class=\"img has-hover x md-x lg-x y md-y lg-y\" id=\"image_1445177746\">\n\t\t\t\t\t\t\t\t<div class=\"img-inner dark\" >\n\t\t\t<img loading=\"lazy\" decoding=\"async\" width=\"791\" height=\"800\" src=\"https:\/\/dutchhealthstore.com\/wp-content\/uploads\/2026\/01\/NL-HaNA_2.24.01.03_0_906-2803-groot-791x800.jpg\" class=\"attachment-large size-large\" alt=\"\" srcset=\"https:\/\/dutchhealthstore.com\/wp-content\/uploads\/2026\/01\/NL-HaNA_2.24.01.03_0_906-2803-groot-791x800.jpg 791w, https:\/\/dutchhealthstore.com\/wp-content\/uploads\/2026\/01\/NL-HaNA_2.24.01.03_0_906-2803-groot-395x400.jpg 395w, https:\/\/dutchhealthstore.com\/wp-content\/uploads\/2026\/01\/NL-HaNA_2.24.01.03_0_906-2803-groot-768x777.jpg 768w, https:\/\/dutchhealthstore.com\/wp-content\/uploads\/2026\/01\/NL-HaNA_2.24.01.03_0_906-2803-groot-1518x1536.jpg 1518w, https:\/\/dutchhealthstore.com\/wp-content\/uploads\/2026\/01\/NL-HaNA_2.24.01.03_0_906-2803-groot-2024x2048.jpg 2024w, https:\/\/dutchhealthstore.com\/wp-content\/uploads\/2026\/01\/NL-HaNA_2.24.01.03_0_906-2803-groot-49x50.jpg 49w, https:\/\/dutchhealthstore.com\/wp-content\/uploads\/2026\/01\/NL-HaNA_2.24.01.03_0_906-2803-groot-530x536.jpg 530w, https:\/\/dutchhealthstore.com\/wp-content\/uploads\/2026\/01\/NL-HaNA_2.24.01.03_0_906-2803-groot-100x100.jpg 100w, https:\/\/dutchhealthstore.com\/wp-content\/uploads\/2026\/01\/NL-HaNA_2.24.01.03_0_906-2803-groot-64x65.jpg 64w\" sizes=\"(max-width: 791px) 100vw, 791px\" \/>\t\t\t\t\t\t\n\t\t\t\t\t<\/div>\n\t\t\t\t\t\t\t\t\n<style>\n#image_1445177746 {\n  width: 100%;\n}\n<\/style>\n\t<\/div>\n\t\n\n\n\t\t<\/div>\n\t\t\t\t\t<\/div>\n\n\t\n\n\t<div id=\"col-89578339\" class=\"col medium-4 small-12 large-4\"  >\n\t\t\t\t<div class=\"col-inner\"  >\n\t\t\t\n\t\t\t\n\n\t<div class=\"img has-hover x md-x lg-x y md-y lg-y\" id=\"image_473532752\">\n\t\t\t\t\t\t\t\t<div class=\"img-inner dark\" >\n\t\t\t<img loading=\"lazy\" decoding=\"async\" width=\"1020\" height=\"797\" src=\"https:\/\/dutchhealthstore.com\/wp-content\/uploads\/2026\/01\/NL-HaNA_2.24.01.09_0_907-5939-groot-1024x800.jpg\" class=\"attachment-large size-large\" alt=\"\" srcset=\"https:\/\/dutchhealthstore.com\/wp-content\/uploads\/2026\/01\/NL-HaNA_2.24.01.09_0_907-5939-groot-1024x800.jpg 1024w, https:\/\/dutchhealthstore.com\/wp-content\/uploads\/2026\/01\/NL-HaNA_2.24.01.09_0_907-5939-groot-512x400.jpg 512w, https:\/\/dutchhealthstore.com\/wp-content\/uploads\/2026\/01\/NL-HaNA_2.24.01.09_0_907-5939-groot-768x600.jpg 768w, https:\/\/dutchhealthstore.com\/wp-content\/uploads\/2026\/01\/NL-HaNA_2.24.01.09_0_907-5939-groot-1536x1200.jpg 1536w, https:\/\/dutchhealthstore.com\/wp-content\/uploads\/2026\/01\/NL-HaNA_2.24.01.09_0_907-5939-groot-2048x1600.jpg 2048w, https:\/\/dutchhealthstore.com\/wp-content\/uploads\/2026\/01\/NL-HaNA_2.24.01.09_0_907-5939-groot-64x50.jpg 64w, https:\/\/dutchhealthstore.com\/wp-content\/uploads\/2026\/01\/NL-HaNA_2.24.01.09_0_907-5939-groot-530x414.jpg 530w\" sizes=\"(max-width: 1020px) 100vw, 1020px\" \/>\t\t\t\t\t\t\n\t\t\t\t\t<\/div>\n\t\t\t\t\t\t\t\t\n<style>\n#image_473532752 {\n  width: 100%;\n}\n<\/style>\n\t<\/div>\n\t\n\n\n\t\t<\/div>\n\t\t\t\t\t<\/div>\n\n\t\n\n\t<div id=\"col-648548631\" class=\"col medium-4 small-12 large-4\"  >\n\t\t\t\t<div class=\"col-inner\"  >\n\t\t\t\n\t\t\t\n\n\t<div class=\"img has-hover x md-x lg-x y md-y lg-y\" id=\"image_473258414\">\n\t\t\t\t\t\t\t\t<div class=\"img-inner dark\" >\n\t\t\t<img loading=\"lazy\" decoding=\"async\" width=\"1020\" height=\"680\" src=\"https:\/\/dutchhealthstore.com\/wp-content\/uploads\/2026\/01\/NL-HaNA_2.24.01.05_0_933-2044-groot-1200x800.jpg\" class=\"attachment-large size-large\" alt=\"\" srcset=\"https:\/\/dutchhealthstore.com\/wp-content\/uploads\/2026\/01\/NL-HaNA_2.24.01.05_0_933-2044-groot-1200x800.jpg 1200w, https:\/\/dutchhealthstore.com\/wp-content\/uploads\/2026\/01\/NL-HaNA_2.24.01.05_0_933-2044-groot-600x400.jpg 600w, https:\/\/dutchhealthstore.com\/wp-content\/uploads\/2026\/01\/NL-HaNA_2.24.01.05_0_933-2044-groot-768x512.jpg 768w, https:\/\/dutchhealthstore.com\/wp-content\/uploads\/2026\/01\/NL-HaNA_2.24.01.05_0_933-2044-groot-1536x1024.jpg 1536w, https:\/\/dutchhealthstore.com\/wp-content\/uploads\/2026\/01\/NL-HaNA_2.24.01.05_0_933-2044-groot-2048x1366.jpg 2048w, https:\/\/dutchhealthstore.com\/wp-content\/uploads\/2026\/01\/NL-HaNA_2.24.01.05_0_933-2044-groot-75x50.jpg 75w, https:\/\/dutchhealthstore.com\/wp-content\/uploads\/2026\/01\/NL-HaNA_2.24.01.05_0_933-2044-groot-530x353.jpg 530w, https:\/\/dutchhealthstore.com\/wp-content\/uploads\/2026\/01\/NL-HaNA_2.24.01.05_0_933-2044-groot-64x43.jpg 64w\" sizes=\"(max-width: 1020px) 100vw, 1020px\" \/>\t\t\t\t\t\t\n\t\t\t\t\t\t\t<div class=\"caption\">Bogaerts, Rob, National Archives \/ Fotocollectie Anefo<\/div>\n\t\t\t\t\t<\/div>\n\t\t\t\t\t\t\t\t\n<style>\n#image_473258414 {\n  width: 100%;\n}\n<\/style>\n\t<\/div>\n\t\n\n\n\t\t<\/div>\n\t\t\t\t\t<\/div>\n\n\t\n\n<\/div>\n\n\t\t<\/div>\n\n\t\t\n<style>\n#section_2137088563 {\n  padding-top: 30px;\n  padding-bottom: 30px;\n}\n<\/style>\n\t<\/section>\n\t\n\n\t<section class=\"section\" id=\"section_1768441427\">\n\t\t<div class=\"section-bg fill\" >\n\t\t\t\t\t\t\t\t\t\n\t\t\t\n\n\t\t<\/div>\n\n\t\t\n\n\t\t<div class=\"section-content relative\">\n\t\t\t\n\n<div class=\"row\"  id=\"row-285815108\">\n\n\n\t<div id=\"col-113586397\" class=\"col small-12 large-12\"  >\n\t\t\t\t<div class=\"col-inner\"  >\n\t\t\t\n\t\t\t\n\n<p><strong>Pourquoi cela ne se reproduira peut-\u00eatre plus jamais<\/strong><\/p>\n<p>Une question difficile mais r\u00e9aliste&nbsp;: Y aura-t-il un jour une autre Elfstedentocht&nbsp;?<\/p>\n<p>En raison du changement climatique, les hivers longs et rigoureux sont devenus de plus en plus rares. Les p\u00e9riodes de gel prolong\u00e9es, jour et nuit, sans d\u00e9gel, ne sont plus une \u00e9vidence. La possibilit\u00e9 existe toujours, mais elle se r\u00e9duit.  <\/p>\n<p>Et pourtant, l&rsquo;espoir n&rsquo;a jamais disparu. Chaque hiver, la glace est mesur\u00e9e. Chaque vague de froid suscite l&rsquo;enthousiasme. Tant que cela restera vrai, l&rsquo;Elfstedentocht perdurera.   <\/p>\n<p><strong>L&rsquo;Elfstedentocht en tant que patrimoine culturel<\/strong><\/p>\n<p>M\u00eame sans nouvelles \u00e9ditions, l&rsquo;Elfstedentocht continue d&rsquo;exister aujourd&rsquo;hui \u00e0 travers des livres, des documentaires, des le\u00e7ons scolaires, des histoires de famille et des expressions quotidiennes.<\/p>\n<p>C&rsquo;est une histoire qui se transmet de g\u00e9n\u00e9ration en g\u00e9n\u00e9ration. Non pas parce que cela doit l&rsquo;\u00eatre, mais parce que cela dit quelque chose sur qui nous sommes&nbsp;: pratiques, r\u00e9silients et plus forts ensemble. <\/p>\n<p><strong>Plus que du sport<\/strong><\/p>\n<p>L&rsquo;Elfstedentocht ne consiste pas seulement \u00e0 gagner. Il s&rsquo;agit de&nbsp;: <\/p>\n<ul style=\"list-style-type: disc;\">\n<li>repousser les limites personnelles<\/li>\n<li>faire face \u00e0 l&rsquo;adversit\u00e9<\/li>\n<li>souffrir ensemble et c\u00e9l\u00e9brer ensemble<\/li>\n<li>respect de la nature<\/li>\n<\/ul>\n<p>C&rsquo;est ce qui la rend intemporelle. M\u00eame dans un monde moderne ax\u00e9 sur la vitesse et la technologie, l&rsquo;Elfstedentocht reste un point d&rsquo;ancrage, un rappel de la simplicit\u00e9, du froid et du caract\u00e8re. <\/p>\n\n\t\t<\/div>\n\t\t\t\t\t<\/div>\n\n\t\n\n<\/div>\n\n\t\t<\/div>\n\n\t\t\n<style>\n#section_1768441427 {\n  padding-top: 30px;\n  padding-bottom: 30px;\n}\n<\/style>\n\t<\/section>\n\t\n\n\t<section class=\"section\" id=\"section_1876166249\">\n\t\t<div class=\"section-bg fill\" >\n\t\t\t\t\t\t\t\t\t\n\t\t\t\n\n\t\t<\/div>\n\n\t\t\n\n\t\t<div class=\"section-content relative\">\n\t\t\t\n\n<div class=\"row\"  id=\"row-542364534\">\n\n\n\t<div id=\"col-512469576\" class=\"col medium-4 small-12 large-4\"  >\n\t\t\t\t<div class=\"col-inner\"  >\n\t\t\t\n\t\t\t\n\n\t<div class=\"img has-hover x md-x lg-x y md-y lg-y\" id=\"image_1188707256\">\n\t\t\t\t\t\t\t\t<div class=\"img-inner dark\" >\n\t\t\t<img loading=\"lazy\" decoding=\"async\" width=\"1020\" height=\"783\" src=\"https:\/\/dutchhealthstore.com\/wp-content\/uploads\/2026\/01\/NL-HaNA_2.24.01.09_0_906-2817-groot-1042x800.jpg\" class=\"attachment-large size-large\" alt=\"\" srcset=\"https:\/\/dutchhealthstore.com\/wp-content\/uploads\/2026\/01\/NL-HaNA_2.24.01.09_0_906-2817-groot-1042x800.jpg 1042w, https:\/\/dutchhealthstore.com\/wp-content\/uploads\/2026\/01\/NL-HaNA_2.24.01.09_0_906-2817-groot-521x400.jpg 521w, https:\/\/dutchhealthstore.com\/wp-content\/uploads\/2026\/01\/NL-HaNA_2.24.01.09_0_906-2817-groot-768x590.jpg 768w, https:\/\/dutchhealthstore.com\/wp-content\/uploads\/2026\/01\/NL-HaNA_2.24.01.09_0_906-2817-groot-1536x1179.jpg 1536w, https:\/\/dutchhealthstore.com\/wp-content\/uploads\/2026\/01\/NL-HaNA_2.24.01.09_0_906-2817-groot-2048x1572.jpg 2048w, https:\/\/dutchhealthstore.com\/wp-content\/uploads\/2026\/01\/NL-HaNA_2.24.01.09_0_906-2817-groot-65x50.jpg 65w, https:\/\/dutchhealthstore.com\/wp-content\/uploads\/2026\/01\/NL-HaNA_2.24.01.09_0_906-2817-groot-530x407.jpg 530w, https:\/\/dutchhealthstore.com\/wp-content\/uploads\/2026\/01\/NL-HaNA_2.24.01.09_0_906-2817-groot-64x49.jpg 64w\" sizes=\"(max-width: 1020px) 100vw, 1020px\" \/>\t\t\t\t\t\t\n\t\t\t\t\t\t\t<div class=\"caption\">Bilsen, Joop van, National Archives \/ Fotocollectie Anefo<\/div>\n\t\t\t\t\t<\/div>\n\t\t\t\t\t\t\t\t\n<style>\n#image_1188707256 {\n  width: 100%;\n}\n<\/style>\n\t<\/div>\n\t\n\n\n\t\t<\/div>\n\t\t\t\t\t<\/div>\n\n\t\n\n\t<div id=\"col-289070775\" class=\"col medium-4 small-12 large-4\"  >\n\t\t\t\t<div class=\"col-inner\"  >\n\t\t\t\n\t\t\t\n\n\t<div class=\"img has-hover x md-x lg-x y md-y lg-y\" id=\"image_1068607212\">\n\t\t\t\t\t\t\t\t<div class=\"img-inner dark\" >\n\t\t\t<img loading=\"lazy\" decoding=\"async\" width=\"791\" height=\"800\" src=\"https:\/\/dutchhealthstore.com\/wp-content\/uploads\/2026\/01\/NL-HaNA_2.24.01.03_0_906-2811-groot-791x800.jpg\" class=\"attachment-large size-large\" alt=\"\" srcset=\"https:\/\/dutchhealthstore.com\/wp-content\/uploads\/2026\/01\/NL-HaNA_2.24.01.03_0_906-2811-groot-791x800.jpg 791w, https:\/\/dutchhealthstore.com\/wp-content\/uploads\/2026\/01\/NL-HaNA_2.24.01.03_0_906-2811-groot-395x400.jpg 395w, https:\/\/dutchhealthstore.com\/wp-content\/uploads\/2026\/01\/NL-HaNA_2.24.01.03_0_906-2811-groot-768x777.jpg 768w, https:\/\/dutchhealthstore.com\/wp-content\/uploads\/2026\/01\/NL-HaNA_2.24.01.03_0_906-2811-groot-1518x1536.jpg 1518w, https:\/\/dutchhealthstore.com\/wp-content\/uploads\/2026\/01\/NL-HaNA_2.24.01.03_0_906-2811-groot-2024x2048.jpg 2024w, https:\/\/dutchhealthstore.com\/wp-content\/uploads\/2026\/01\/NL-HaNA_2.24.01.03_0_906-2811-groot-49x50.jpg 49w, https:\/\/dutchhealthstore.com\/wp-content\/uploads\/2026\/01\/NL-HaNA_2.24.01.03_0_906-2811-groot-530x536.jpg 530w, https:\/\/dutchhealthstore.com\/wp-content\/uploads\/2026\/01\/NL-HaNA_2.24.01.03_0_906-2811-groot-100x100.jpg 100w, https:\/\/dutchhealthstore.com\/wp-content\/uploads\/2026\/01\/NL-HaNA_2.24.01.03_0_906-2811-groot-64x65.jpg 64w\" sizes=\"(max-width: 791px) 100vw, 791px\" \/>\t\t\t\t\t\t\n\t\t\t\t\t\t\t<div class=\"caption\">Noske, J.D., National Archives \/ Fotocollectie Anefo<\/div>\n\t\t\t\t\t<\/div>\n\t\t\t\t\t\t\t\t\n<style>\n#image_1068607212 {\n  width: 100%;\n}\n<\/style>\n\t<\/div>\n\t\n\n\n\t\t<\/div>\n\t\t\t\t\t<\/div>\n\n\t\n\n\t<div id=\"col-1009230997\" class=\"col medium-4 small-12 large-4\"  >\n\t\t\t\t<div class=\"col-inner\"  >\n\t\t\t\n\t\t\t\n\n\t<div class=\"img has-hover x md-x lg-x y md-y lg-y\" id=\"image_1721022943\">\n\t\t\t\t\t\t\t\t<div class=\"img-inner dark\" >\n\t\t\t<img loading=\"lazy\" decoding=\"async\" width=\"1020\" height=\"768\" src=\"https:\/\/dutchhealthstore.com\/wp-content\/uploads\/2026\/01\/NL-HaNA_2.24.01.09_0_906-2819-groot-1062x800.jpg\" class=\"attachment-large size-large\" alt=\"\" srcset=\"https:\/\/dutchhealthstore.com\/wp-content\/uploads\/2026\/01\/NL-HaNA_2.24.01.09_0_906-2819-groot-1062x800.jpg 1062w, https:\/\/dutchhealthstore.com\/wp-content\/uploads\/2026\/01\/NL-HaNA_2.24.01.09_0_906-2819-groot-531x400.jpg 531w, https:\/\/dutchhealthstore.com\/wp-content\/uploads\/2026\/01\/NL-HaNA_2.24.01.09_0_906-2819-groot-768x579.jpg 768w, https:\/\/dutchhealthstore.com\/wp-content\/uploads\/2026\/01\/NL-HaNA_2.24.01.09_0_906-2819-groot-1536x1157.jpg 1536w, https:\/\/dutchhealthstore.com\/wp-content\/uploads\/2026\/01\/NL-HaNA_2.24.01.09_0_906-2819-groot-2048x1543.jpg 2048w, https:\/\/dutchhealthstore.com\/wp-content\/uploads\/2026\/01\/NL-HaNA_2.24.01.09_0_906-2819-groot-66x50.jpg 66w, https:\/\/dutchhealthstore.com\/wp-content\/uploads\/2026\/01\/NL-HaNA_2.24.01.09_0_906-2819-groot-530x399.jpg 530w, https:\/\/dutchhealthstore.com\/wp-content\/uploads\/2026\/01\/NL-HaNA_2.24.01.09_0_906-2819-groot-64x48.jpg 64w\" sizes=\"(max-width: 1020px) 100vw, 1020px\" \/>\t\t\t\t\t\t\n\t\t\t\t\t\t\t<div class=\"caption\">Noske, J.D., National Archives \/ Fotocollectie Anefo<\/div>\n\t\t\t\t\t<\/div>\n\t\t\t\t\t\t\t\t\n<style>\n#image_1721022943 {\n  width: 100%;\n}\n<\/style>\n\t<\/div>\n\t\n\n\n\t\t<\/div>\n\t\t\t\t\t<\/div>\n\n\t\n\n<\/div>\n\n\t\t<\/div>\n\n\t\t\n<style>\n#section_1876166249 {\n  padding-top: 30px;\n  padding-bottom: 30px;\n}\n<\/style>\n\t<\/section>\n\t\n\n\t<section class=\"section\" id=\"section_1106422839\">\n\t\t<div class=\"section-bg fill\" >\n\t\t\t\t\t\t\t\t\t\n\t\t\t\n\n\t\t<\/div>\n\n\t\t\n\n\t\t<div class=\"section-content relative\">\n\t\t\t\n\n<div class=\"row\"  id=\"row-196659554\">\n\n\n\t<div id=\"col-1529692865\" class=\"col small-12 large-12\"  >\n\t\t\t\t<div class=\"col-inner\"  >\n\t\t\t\n\t\t\t\n\n<p><strong>En conclusion<\/strong><\/p>\n<p>Peut-\u00eatre que cela ne se reproduira plus jamais. Peut-\u00eatre que cela se produira demain. Personne ne le sait. Et cette incertitude est pr\u00e9cis\u00e9ment ce qui rend l&rsquo;Elfstedentocht si sp\u00e9ciale. Tant que l&rsquo;eau pourra geler et que les gens pourront r\u00eaver, elle continuera d&rsquo;exister.    <\/p>\n<p>Non pas comme un \u00e9v\u00e9nement fixe sur un calendrier, mais comme une id\u00e9e. Un d\u00e9sir ardent. Une histoire qui recommence chaque hiver.  <\/p>\n\n\t\t<\/div>\n\t\t\t\t\t<\/div>\n\n\t\n\n<\/div>\n\n\t\t<\/div>\n\n\t\t\n<style>\n#section_1106422839 {\n  padding-top: 30px;\n  padding-bottom: 30px;\n}\n<\/style>\n\t<\/section>\n\t\n\n","protected":false},"excerpt":{"rendered":"<p>L&rsquo;Elfstedentocht est bien plus qu&rsquo;une course de patinage sur glace. C&rsquo;est un symbole national. Une histoire de froid, de pers\u00e9v\u00e9rance, de convivialit\u00e9 et d&rsquo;espoir. M\u00eame les personnes qui n&rsquo;ont jamais chauss\u00e9 de patins savent exactement ce que l&rsquo;on veut dire quand quelqu&rsquo;un dit&nbsp;: \u00ab&nbsp;It giet oan.&nbsp;\u00bb   <\/p>\n<p>Dans ce blog, nous plongeons au c\u0153ur de l&rsquo;histoire, de la signification, du parcours, des mythes et de la raison pour laquelle l&rsquo;Elfstedentocht est toujours bien vivante, malgr\u00e9 le fait qu&rsquo;elle n&rsquo;ait pas eu lieu depuis des d\u00e9cennies.<\/p>\n","protected":false},"author":22095,"featured_media":369068,"comment_status":"open","ping_status":"closed","sticky":false,"template":"","format":"standard","meta":{"footnotes":""},"categories":[504,1044],"tags":[],"class_list":["post-369016","post","type-post","status-publish","format-standard","has-post-thumbnail","hentry","category-non-classifiee","category-votre-beaute"],"yoast_head":"<!-- This site is optimized with the Yoast SEO Premium plugin v26.5 (Yoast SEO v26.5) - https:\/\/yoast.com\/wordpress\/plugins\/seo\/ -->\n<title>L&#039;Elfstedentocht&nbsp;: le c\u0153ur de l&#039;hiver n\u00e9erlandais<\/title>\n<meta name=\"robots\" content=\"index, follow, max-snippet:-1, max-image-preview:large, max-video-preview:-1\" \/>\n<link rel=\"canonical\" href=\"https:\/\/dutchhealthstore.com\/fr\/lelfstedentocht-le-coeur-de-lhiver-neerlandais\/\" \/>\n<meta property=\"og:locale\" content=\"fr_FR\" \/>\n<meta property=\"og:type\" content=\"article\" \/>\n<meta property=\"og:title\" content=\"L&#039;Elfstedentocht&nbsp;: le c\u0153ur de l&#039;hiver n\u00e9erlandais\" \/>\n<meta property=\"og:description\" content=\"L&#039;Elfstedentocht est bien plus qu&#039;une course de patinage sur glace. C&#039;est un symbole national. Une histoire de froid, de pers\u00e9v\u00e9rance, de convivialit\u00e9 et d&#039;espoir. M\u00eame les personnes qui n&#039;ont jamais chauss\u00e9 de patins savent exactement ce que l&#039;on veut dire quand quelqu&#039;un dit&nbsp;: \u00ab&nbsp;It giet oan.&nbsp;\u00bb   Dans ce blog, nous plongeons au c\u0153ur de l&#039;histoire, de la signification, du parcours, des mythes et de la raison pour laquelle l&#039;Elfstedentocht est toujours bien vivante, malgr\u00e9 le fait qu&#039;elle n&#039;ait pas eu lieu depuis des d\u00e9cennies.\" \/>\n<meta property=\"og:url\" content=\"https:\/\/dutchhealthstore.com\/fr\/lelfstedentocht-le-coeur-de-lhiver-neerlandais\/\" \/>\n<meta property=\"og:site_name\" content=\"Dutch Health Store\" \/>\n<meta property=\"article:publisher\" content=\"https:\/\/www.instagram.com\/dutchhealthstore\/\" \/>\n<meta property=\"article:published_time\" content=\"2026-01-15T13:47:19+00:00\" \/>\n<meta property=\"article:modified_time\" content=\"2026-01-16T10:01:53+00:00\" \/>\n<meta property=\"og:image\" content=\"https:\/\/dutchhealthstore.com\/wp-content\/uploads\/2026\/01\/flstt.jpg\" \/>\n\t<meta property=\"og:image:width\" content=\"1200\" \/>\n\t<meta property=\"og:image:height\" content=\"400\" \/>\n\t<meta property=\"og:image:type\" content=\"image\/jpeg\" \/>\n<meta name=\"author\" content=\"Ashley\" \/>\n<meta name=\"twitter:card\" content=\"summary_large_image\" \/>\n<meta name=\"twitter:label1\" content=\"\u00c9crit par\" \/>\n\t<meta name=\"twitter:data1\" content=\"Ashley\" \/>\n\t<meta name=\"twitter:label2\" content=\"Dur\u00e9e de lecture estim\u00e9e\" \/>\n\t<meta name=\"twitter:data2\" content=\"7 minutes\" \/>\n<script type=\"application\/ld+json\" class=\"yoast-schema-graph\">{\"@context\":\"https:\/\/schema.org\",\"@graph\":[{\"@type\":\"Article\",\"@id\":\"https:\/\/dutchhealthstore.com\/fr\/lelfstedentocht-le-coeur-de-lhiver-neerlandais\/#article\",\"isPartOf\":{\"@id\":\"https:\/\/dutchhealthstore.com\/fr\/lelfstedentocht-le-coeur-de-lhiver-neerlandais\/\"},\"author\":{\"name\":\"Ashley\",\"@id\":\"https:\/\/dutchhealthstore.com\/fr\/#\/schema\/person\/70f2532ef652f3f30c8c6837e22eedb6\"},\"headline\":\"L&rsquo;Elfstedentocht&nbsp;: le c\u0153ur de l&rsquo;hiver n\u00e9erlandais\",\"datePublished\":\"2026-01-15T13:47:19+00:00\",\"dateModified\":\"2026-01-16T10:01:53+00:00\",\"mainEntityOfPage\":{\"@id\":\"https:\/\/dutchhealthstore.com\/fr\/lelfstedentocht-le-coeur-de-lhiver-neerlandais\/\"},\"wordCount\":1584,\"commentCount\":0,\"publisher\":{\"@id\":\"https:\/\/dutchhealthstore.com\/fr\/#organization\"},\"image\":{\"@id\":\"https:\/\/dutchhealthstore.com\/fr\/lelfstedentocht-le-coeur-de-lhiver-neerlandais\/#primaryimage\"},\"thumbnailUrl\":\"https:\/\/dutchhealthstore.com\/wp-content\/uploads\/2026\/01\/flstt.jpg\",\"articleSection\":[\"Non classifi\u00e9(e)\",\"Votre Beaute\"],\"inLanguage\":\"fr-FR\",\"potentialAction\":[{\"@type\":\"CommentAction\",\"name\":\"Comment\",\"target\":[\"https:\/\/dutchhealthstore.com\/fr\/lelfstedentocht-le-coeur-de-lhiver-neerlandais\/#respond\"]}]},{\"@type\":\"WebPage\",\"@id\":\"https:\/\/dutchhealthstore.com\/fr\/lelfstedentocht-le-coeur-de-lhiver-neerlandais\/\",\"url\":\"https:\/\/dutchhealthstore.com\/fr\/lelfstedentocht-le-coeur-de-lhiver-neerlandais\/\",\"name\":\"L'Elfstedentocht&nbsp;: le c\u0153ur de l'hiver n\u00e9erlandais\",\"isPartOf\":{\"@id\":\"https:\/\/dutchhealthstore.com\/fr\/#website\"},\"primaryImageOfPage\":{\"@id\":\"https:\/\/dutchhealthstore.com\/fr\/lelfstedentocht-le-coeur-de-lhiver-neerlandais\/#primaryimage\"},\"image\":{\"@id\":\"https:\/\/dutchhealthstore.com\/fr\/lelfstedentocht-le-coeur-de-lhiver-neerlandais\/#primaryimage\"},\"thumbnailUrl\":\"https:\/\/dutchhealthstore.com\/wp-content\/uploads\/2026\/01\/flstt.jpg\",\"datePublished\":\"2026-01-15T13:47:19+00:00\",\"dateModified\":\"2026-01-16T10:01:53+00:00\",\"breadcrumb\":{\"@id\":\"https:\/\/dutchhealthstore.com\/fr\/lelfstedentocht-le-coeur-de-lhiver-neerlandais\/#breadcrumb\"},\"inLanguage\":\"fr-FR\",\"potentialAction\":[{\"@type\":\"ReadAction\",\"target\":[\"https:\/\/dutchhealthstore.com\/fr\/lelfstedentocht-le-coeur-de-lhiver-neerlandais\/\"]}]},{\"@type\":\"ImageObject\",\"inLanguage\":\"fr-FR\",\"@id\":\"https:\/\/dutchhealthstore.com\/fr\/lelfstedentocht-le-coeur-de-lhiver-neerlandais\/#primaryimage\",\"url\":\"https:\/\/dutchhealthstore.com\/wp-content\/uploads\/2026\/01\/flstt.jpg\",\"contentUrl\":\"https:\/\/dutchhealthstore.com\/wp-content\/uploads\/2026\/01\/flstt.jpg\",\"width\":1200,\"height\":400},{\"@type\":\"BreadcrumbList\",\"@id\":\"https:\/\/dutchhealthstore.com\/fr\/lelfstedentocht-le-coeur-de-lhiver-neerlandais\/#breadcrumb\",\"itemListElement\":[{\"@type\":\"ListItem\",\"position\":1,\"name\":\"Home\",\"item\":\"https:\/\/dutchhealthstore.com\/fr\/\"},{\"@type\":\"ListItem\",\"position\":2,\"name\":\"L&#8217;Elfstedentocht&nbsp;: le c\u0153ur de l&#8217;hiver n\u00e9erlandais\"}]},{\"@type\":\"WebSite\",\"@id\":\"https:\/\/dutchhealthstore.com\/fr\/#website\",\"url\":\"https:\/\/dutchhealthstore.com\/fr\/\",\"name\":\"Dutch Health Store\",\"description\":\"Enhance Your Beauty with Organic &amp; Natural Skincare\",\"publisher\":{\"@id\":\"https:\/\/dutchhealthstore.com\/fr\/#organization\"},\"potentialAction\":[{\"@type\":\"SearchAction\",\"target\":{\"@type\":\"EntryPoint\",\"urlTemplate\":\"https:\/\/dutchhealthstore.com\/fr\/?s={search_term_string}\"},\"query-input\":{\"@type\":\"PropertyValueSpecification\",\"valueRequired\":true,\"valueName\":\"search_term_string\"}}],\"inLanguage\":\"fr-FR\"},{\"@type\":\"Organization\",\"@id\":\"https:\/\/dutchhealthstore.com\/fr\/#organization\",\"name\":\"Dutch Health Store\",\"url\":\"https:\/\/dutchhealthstore.com\/fr\/\",\"logo\":{\"@type\":\"ImageObject\",\"inLanguage\":\"fr-FR\",\"@id\":\"https:\/\/dutchhealthstore.com\/fr\/#\/schema\/logo\/image\/\",\"url\":\"https:\/\/dutchhealthstore.com\/wp-content\/uploads\/2020\/08\/logo-dutchhealthstore-jpg-e1599484957574.jpg\",\"contentUrl\":\"https:\/\/dutchhealthstore.com\/wp-content\/uploads\/2020\/08\/logo-dutchhealthstore-jpg-e1599484957574.jpg\",\"width\":400,\"height\":62,\"caption\":\"Dutch Health Store\"},\"image\":{\"@id\":\"https:\/\/dutchhealthstore.com\/fr\/#\/schema\/logo\/image\/\"},\"sameAs\":[\"https:\/\/www.instagram.com\/dutchhealthstore\/\",\"https:\/\/www.facebook.com\/dutchhealthstore\"]},{\"@type\":\"Person\",\"@id\":\"https:\/\/dutchhealthstore.com\/fr\/#\/schema\/person\/70f2532ef652f3f30c8c6837e22eedb6\",\"name\":\"Ashley\",\"url\":\"https:\/\/dutchhealthstore.com\/fr\/author\/ashley\/\"}]}<\/script>\n<!-- \/ Yoast SEO Premium plugin. -->","yoast_head_json":{"title":"L'Elfstedentocht&nbsp;: le c\u0153ur de l'hiver n\u00e9erlandais","robots":{"index":"index","follow":"follow","max-snippet":"max-snippet:-1","max-image-preview":"max-image-preview:large","max-video-preview":"max-video-preview:-1"},"canonical":"https:\/\/dutchhealthstore.com\/fr\/lelfstedentocht-le-coeur-de-lhiver-neerlandais\/","og_locale":"fr_FR","og_type":"article","og_title":"L'Elfstedentocht&nbsp;: le c\u0153ur de l'hiver n\u00e9erlandais","og_description":"L'Elfstedentocht est bien plus qu'une course de patinage sur glace. C'est un symbole national. Une histoire de froid, de pers\u00e9v\u00e9rance, de convivialit\u00e9 et d'espoir. M\u00eame les personnes qui n'ont jamais chauss\u00e9 de patins savent exactement ce que l'on veut dire quand quelqu'un dit&nbsp;: \u00ab&nbsp;It giet oan.&nbsp;\u00bb   Dans ce blog, nous plongeons au c\u0153ur de l'histoire, de la signification, du parcours, des mythes et de la raison pour laquelle l'Elfstedentocht est toujours bien vivante, malgr\u00e9 le fait qu'elle n'ait pas eu lieu depuis des d\u00e9cennies.","og_url":"https:\/\/dutchhealthstore.com\/fr\/lelfstedentocht-le-coeur-de-lhiver-neerlandais\/","og_site_name":"Dutch Health Store","article_publisher":"https:\/\/www.instagram.com\/dutchhealthstore\/","article_published_time":"2026-01-15T13:47:19+00:00","article_modified_time":"2026-01-16T10:01:53+00:00","og_image":[{"width":1200,"height":400,"url":"https:\/\/dutchhealthstore.com\/wp-content\/uploads\/2026\/01\/flstt.jpg","type":"image\/jpeg"}],"author":"Ashley","twitter_card":"summary_large_image","twitter_misc":{"\u00c9crit par":"Ashley","Dur\u00e9e de lecture estim\u00e9e":"7 minutes"},"schema":{"@context":"https:\/\/schema.org","@graph":[{"@type":"Article","@id":"https:\/\/dutchhealthstore.com\/fr\/lelfstedentocht-le-coeur-de-lhiver-neerlandais\/#article","isPartOf":{"@id":"https:\/\/dutchhealthstore.com\/fr\/lelfstedentocht-le-coeur-de-lhiver-neerlandais\/"},"author":{"name":"Ashley","@id":"https:\/\/dutchhealthstore.com\/fr\/#\/schema\/person\/70f2532ef652f3f30c8c6837e22eedb6"},"headline":"L&rsquo;Elfstedentocht&nbsp;: le c\u0153ur de l&rsquo;hiver n\u00e9erlandais","datePublished":"2026-01-15T13:47:19+00:00","dateModified":"2026-01-16T10:01:53+00:00","mainEntityOfPage":{"@id":"https:\/\/dutchhealthstore.com\/fr\/lelfstedentocht-le-coeur-de-lhiver-neerlandais\/"},"wordCount":1584,"commentCount":0,"publisher":{"@id":"https:\/\/dutchhealthstore.com\/fr\/#organization"},"image":{"@id":"https:\/\/dutchhealthstore.com\/fr\/lelfstedentocht-le-coeur-de-lhiver-neerlandais\/#primaryimage"},"thumbnailUrl":"https:\/\/dutchhealthstore.com\/wp-content\/uploads\/2026\/01\/flstt.jpg","articleSection":["Non classifi\u00e9(e)","Votre Beaute"],"inLanguage":"fr-FR","potentialAction":[{"@type":"CommentAction","name":"Comment","target":["https:\/\/dutchhealthstore.com\/fr\/lelfstedentocht-le-coeur-de-lhiver-neerlandais\/#respond"]}]},{"@type":"WebPage","@id":"https:\/\/dutchhealthstore.com\/fr\/lelfstedentocht-le-coeur-de-lhiver-neerlandais\/","url":"https:\/\/dutchhealthstore.com\/fr\/lelfstedentocht-le-coeur-de-lhiver-neerlandais\/","name":"L'Elfstedentocht&nbsp;: le c\u0153ur de l'hiver n\u00e9erlandais","isPartOf":{"@id":"https:\/\/dutchhealthstore.com\/fr\/#website"},"primaryImageOfPage":{"@id":"https:\/\/dutchhealthstore.com\/fr\/lelfstedentocht-le-coeur-de-lhiver-neerlandais\/#primaryimage"},"image":{"@id":"https:\/\/dutchhealthstore.com\/fr\/lelfstedentocht-le-coeur-de-lhiver-neerlandais\/#primaryimage"},"thumbnailUrl":"https:\/\/dutchhealthstore.com\/wp-content\/uploads\/2026\/01\/flstt.jpg","datePublished":"2026-01-15T13:47:19+00:00","dateModified":"2026-01-16T10:01:53+00:00","breadcrumb":{"@id":"https:\/\/dutchhealthstore.com\/fr\/lelfstedentocht-le-coeur-de-lhiver-neerlandais\/#breadcrumb"},"inLanguage":"fr-FR","potentialAction":[{"@type":"ReadAction","target":["https:\/\/dutchhealthstore.com\/fr\/lelfstedentocht-le-coeur-de-lhiver-neerlandais\/"]}]},{"@type":"ImageObject","inLanguage":"fr-FR","@id":"https:\/\/dutchhealthstore.com\/fr\/lelfstedentocht-le-coeur-de-lhiver-neerlandais\/#primaryimage","url":"https:\/\/dutchhealthstore.com\/wp-content\/uploads\/2026\/01\/flstt.jpg","contentUrl":"https:\/\/dutchhealthstore.com\/wp-content\/uploads\/2026\/01\/flstt.jpg","width":1200,"height":400},{"@type":"BreadcrumbList","@id":"https:\/\/dutchhealthstore.com\/fr\/lelfstedentocht-le-coeur-de-lhiver-neerlandais\/#breadcrumb","itemListElement":[{"@type":"ListItem","position":1,"name":"Home","item":"https:\/\/dutchhealthstore.com\/fr\/"},{"@type":"ListItem","position":2,"name":"L&#8217;Elfstedentocht&nbsp;: le c\u0153ur de l&#8217;hiver n\u00e9erlandais"}]},{"@type":"WebSite","@id":"https:\/\/dutchhealthstore.com\/fr\/#website","url":"https:\/\/dutchhealthstore.com\/fr\/","name":"Dutch Health Store","description":"Enhance Your Beauty with Organic &amp; Natural Skincare","publisher":{"@id":"https:\/\/dutchhealthstore.com\/fr\/#organization"},"potentialAction":[{"@type":"SearchAction","target":{"@type":"EntryPoint","urlTemplate":"https:\/\/dutchhealthstore.com\/fr\/?s={search_term_string}"},"query-input":{"@type":"PropertyValueSpecification","valueRequired":true,"valueName":"search_term_string"}}],"inLanguage":"fr-FR"},{"@type":"Organization","@id":"https:\/\/dutchhealthstore.com\/fr\/#organization","name":"Dutch Health Store","url":"https:\/\/dutchhealthstore.com\/fr\/","logo":{"@type":"ImageObject","inLanguage":"fr-FR","@id":"https:\/\/dutchhealthstore.com\/fr\/#\/schema\/logo\/image\/","url":"https:\/\/dutchhealthstore.com\/wp-content\/uploads\/2020\/08\/logo-dutchhealthstore-jpg-e1599484957574.jpg","contentUrl":"https:\/\/dutchhealthstore.com\/wp-content\/uploads\/2020\/08\/logo-dutchhealthstore-jpg-e1599484957574.jpg","width":400,"height":62,"caption":"Dutch Health Store"},"image":{"@id":"https:\/\/dutchhealthstore.com\/fr\/#\/schema\/logo\/image\/"},"sameAs":["https:\/\/www.instagram.com\/dutchhealthstore\/","https:\/\/www.facebook.com\/dutchhealthstore"]},{"@type":"Person","@id":"https:\/\/dutchhealthstore.com\/fr\/#\/schema\/person\/70f2532ef652f3f30c8c6837e22eedb6","name":"Ashley","url":"https:\/\/dutchhealthstore.com\/fr\/author\/ashley\/"}]}},"_links":{"self":[{"href":"https:\/\/dutchhealthstore.com\/fr\/wp-json\/wp\/v2\/posts\/369016","targetHints":{"allow":["GET"]}}],"collection":[{"href":"https:\/\/dutchhealthstore.com\/fr\/wp-json\/wp\/v2\/posts"}],"about":[{"href":"https:\/\/dutchhealthstore.com\/fr\/wp-json\/wp\/v2\/types\/post"}],"author":[{"embeddable":true,"href":"https:\/\/dutchhealthstore.com\/fr\/wp-json\/wp\/v2\/users\/22095"}],"replies":[{"embeddable":true,"href":"https:\/\/dutchhealthstore.com\/fr\/wp-json\/wp\/v2\/comments?post=369016"}],"version-history":[{"count":0,"href":"https:\/\/dutchhealthstore.com\/fr\/wp-json\/wp\/v2\/posts\/369016\/revisions"}],"wp:featuredmedia":[{"embeddable":true,"href":"https:\/\/dutchhealthstore.com\/fr\/wp-json\/wp\/v2\/media\/369068"}],"wp:attachment":[{"href":"https:\/\/dutchhealthstore.com\/fr\/wp-json\/wp\/v2\/media?parent=369016"}],"wp:term":[{"taxonomy":"category","embeddable":true,"href":"https:\/\/dutchhealthstore.com\/fr\/wp-json\/wp\/v2\/categories?post=369016"},{"taxonomy":"post_tag","embeddable":true,"href":"https:\/\/dutchhealthstore.com\/fr\/wp-json\/wp\/v2\/tags?post=369016"}],"curies":[{"name":"wp","href":"https:\/\/api.w.org\/{rel}","templated":true}]}}