{"id":163410,"date":"2021-08-06T08:11:14","date_gmt":"2021-08-06T08:11:14","guid":{"rendered":"https:\/\/dutchhealthstore.com\/5-ways-to-combat-menopause-hair-loss-and-thinning\/"},"modified":"2021-08-26T14:21:22","modified_gmt":"2021-08-26T14:21:22","slug":"5-ways-to-combat-menopause-hair-loss-and-thinning","status":"publish","type":"post","link":"https:\/\/dutchhealthstore.com\/fr\/5-ways-to-combat-menopause-hair-loss-and-thinning\/","title":{"rendered":"5 fa\u00e7ons de combattre la perte et l&rsquo;affinement des cheveux \u00e0 la m\u00e9nopause"},"content":{"rendered":"\n\n\t<section class=\"section dark\" id=\"section_378506560\">\n\t\t<div class=\"section-bg fill\" >\n\t\t\t\t\t\t\t\t\t\n\t\t\t\n\n\t\t<\/div>\n\n\t\t\n\n\t\t<div class=\"section-content relative\">\n\t\t\t\n\n<p style=\"text-align: center;\">Si vous lisez ceci, vous \u00eates probablement int\u00e9ress\u00e9e par la m\u00e9nopause, sur le point de la traverser ou en train de la traverser&#8230;<\/p>\n<p><em>\u00ab\u00a0L&rsquo;\u00e2ge moyen de la m\u00e9nopause est d&rsquo;environ cinquante ans et, dans les mois ou les ann\u00e9es qui pr\u00e9c\u00e8dent, certaines femmes remarquent un changement dans la structure de leurs cheveux. Tr\u00e8s souvent, le volume et l&rsquo;\u00e9tat des cheveux semblent se d\u00e9t\u00e9riorer, certaines femmes remarquant que les cheveux ne poussent plus autant qu&rsquo;auparavant. Plus de cheveux semblent sortir lors du lavage et les brosses \u00e0 cheveux se remplissent rapidement au fur et \u00e0 mesure que les cheveux d\u00e9tach\u00e9s sont \u00e9limin\u00e9s.<\/em><\/p>\n<p><em>Certaines femmes conna\u00eetront une perte de cheveux plus profonde, avec un amincissement de la couronne de la t\u00eate, des c\u00f4t\u00e9s ou un amincissement plus g\u00e9n\u00e9ral des cheveux sur toute la t\u00eate &#8211; c&rsquo;est ce qu&rsquo;on appelle la perte de cheveux f\u00e9minine (Female pattern hair loss, FPHL). Une perte totale des cheveux, comme on le voit chez les hommes qui deviennent parfois chauves, est beaucoup plus rare chez les femmes et est g\u00e9n\u00e9ralement caus\u00e9e par une maladie ou par un traitement m\u00e9dical tel que la chimioth\u00e9rapie.  \u00ab\u00a0<\/em><\/p>\n<p style=\"text-align: center;\"><em><strong>&#8211; Womens Health Concern<\/strong><\/em><\/p>\n\n\t\t<\/div>\n\n\t\t\n<style>\n#section_378506560 {\n  padding-top: 30px;\n  padding-bottom: 30px;\n  background-color: rgb(48, 59, 46);\n}\n<\/style>\n\t<\/section>\n\t\n\n\t<section class=\"section\" id=\"section_1387390770\">\n\t\t<div class=\"section-bg fill\" >\n\t\t\t\t\t\t\t\t\t\n\t\t\t\n\n\t\t<\/div>\n\n\t\t\n\n\t\t<div class=\"section-content relative\">\n\t\t\t\n\n<div class=\"row align-center\"  id=\"row-646491576\">\n\n\n\t<div id=\"col-14007510\" class=\"col medium-10 small-12 large-10\"  >\n\t\t\t\t<div class=\"col-inner text-center\"  >\n\t\t\t\n\t\t\t\n\n<h4>Donc, si vos cheveux s&rsquo;\u00e9claircissent ou tombent et que vous ne savez pas comment les ralentir ou les arr\u00eater. Dans cet article, je vais essayer de vous expliquer pourquoi cela se produit et comment le combattre avec succ\u00e8s.<\/h4>\n<h4>N&rsquo;oubliez jamais que la m\u00e9nopause est une \u00e9tape normale du cycle de vie et qu&rsquo;elle ne dure pas \u00e9ternellement. Vous la traverserez et en sortirez de l&rsquo;autre c\u00f4t\u00e9.<\/h4>\n\n\t\t<\/div>\n\t\t\t\t\t<\/div>\n\n\t\n\n<\/div>\n\n\t\t<\/div>\n\n\t\t\n<style>\n#section_1387390770 {\n  padding-top: 60px;\n  padding-bottom: 60px;\n  min-height: 300px;\n}\n<\/style>\n\t<\/section>\n\t\n\n\t<section class=\"section\" id=\"section_1099233600\">\n\t\t<div class=\"section-bg fill\" >\n\t\t\t\t\t\t\t\t\t\n\t\t\t\n\t<div class=\"is-border\"\n\t\tstyle=\"border-color:rgb(235, 235, 235);border-width:0px 0px 0px 0px;\">\n\t<\/div>\n\n\t\t<\/div>\n\n\t\t\n\n\t\t<div class=\"section-content relative\">\n\t\t\t\n\n<div class=\"row row-large align-middle align-center\"  id=\"row-1421064869\">\n\n\n\t<div id=\"col-1611192224\" class=\"col medium-5 small-12 large-5\"  >\n\t\t\t\t<div class=\"col-inner box-shadow-2 box-shadow-5-hover\" style=\"background-color:rgb(255, 255, 255);\" >\n\t\t\t\n\t\t\t\n\n\t\n  \n    <div class=\"row large-columns-2 medium-columns- small-columns- row-small\" >\n  <\/div>\n\n\n\t\t<\/div>\n\t\t\t\t\n<style>\n#col-1611192224 > .col-inner {\n  padding: 15px 15px 15px 15px;\n}\n<\/style>\n\t<\/div>\n\n\t\n\n\t<div id=\"col-1074515523\" class=\"col medium-7 small-12 large-7\"  >\n\t\t\t\t<div class=\"col-inner text-center\"  >\n\t\t\t\n\t\t\t\n\n<h3 style=\"text-align: left;\">Qu&rsquo;est-ce qui est responsable de la perte et de l&rsquo;\u00e9claircissement des cheveux ?<\/h3>\n<p>En bref, les fluctuations hormonales sont responsables de la perte et de l&rsquo;affinement des cheveux pendant la p\u00e9rim\u00e9nopause et la m\u00e9nopause.<\/p>\n<p>Vous souvenez-vous peut-\u00eatre d&rsquo;avoir \u00e9t\u00e9 enceinte et d&rsquo;avoir eu des cheveux longs, pleins et forts, ainsi que l&rsquo;\u00e9clat de la grossesse ?  Cela est d\u00fb aux hormones \u0153strog\u00e8nes et progest\u00e9rone.<\/p>\n<p><strong>L&rsquo;\u0153strog\u00e8ne et la progest\u00e9rone<\/strong> sont les principales hormones de la grossesse et elles maintiennent vos cheveux en phase de <strong>croissance<\/strong>, ce qui les fait pousser plus vite et les fait rester sur votre t\u00eate plus longtemps.<\/p>\n<p>Morceau de science &#8211; Saviez-vous que vous produisiez plus d&rsquo;\u0153strog\u00e8nes pendant une grossesse que pendant toute votre vie sans \u00eatre enceinte ? <\/p>\n<p>L&rsquo;\u0153strog\u00e8ne et la progest\u00e9rone maintiennent les cheveux en phase de croissance,<\/p>\n<p>Lorsque vos niveaux d&rsquo;\u0153strog\u00e8nes et de progest\u00e9rone diminuent, la croissance des cheveux est ralentie et la chute des cheveux est plus prononc\u00e9e.<\/p>\n\n\t\t<\/div>\n\t\t\t\t\t<\/div>\n\n\t\n\n<\/div>\n\n\t\t<\/div>\n\n\t\t\n<style>\n#section_1099233600 {\n  padding-top: 59px;\n  padding-bottom: 59px;\n  min-height: 300px;\n}\n<\/style>\n\t<\/section>\n\t\n\n\t<section class=\"section\" id=\"section_751142123\">\n\t\t<div class=\"section-bg fill\" >\n\t\t\t\t\t\t\t\t\t\n\t\t\t\n\t<div class=\"is-border\"\n\t\tstyle=\"border-color:rgb(235, 235, 235);border-width:0px 0px 0px 0px;\">\n\t<\/div>\n\n\t\t<\/div>\n\n\t\t\n\n\t\t<div class=\"section-content relative\">\n\t\t\t\n\n\t<div id=\"text-2207322740\" class=\"text\">\n\t\t\n\n<h1><span style=\"color: #282828;\"><strong>Comment combattre la perte et l&rsquo;amincissement des cheveux \u00e0 la m\u00e9nopause ?<br \/><br \/><\/strong><\/span><\/h1>\n<ol>\n<li style=\"text-align: left;\"><strong>R\u00e9gime alimentaire<\/strong><br \/>\n<p>Une alimentation correcte et \u00e9quilibr\u00e9e est importante \u00e0 chaque phase de la vie, mais surtout pendant la m\u00e9nopause. En plus d&rsquo;un r\u00e9gime sain, pensez \u00e0 prendre des suppl\u00e9ments comme le fer.<\/p>\n<p>Une carence en fer peut souvent \u00eatre \u00e0 l&rsquo;origine de la chute des cheveux. C&rsquo;est pourquoi, pendant la m\u00e9nopause, il est essentiel de consommer suffisamment de fer dans votre alimentation. Cela vous aidera \u00e0 avoir des cheveux sains et contribuera \u00e0 augmenter le flux sanguin vers le cuir chevelu et donc \u00e0 am\u00e9liorer l&rsquo;entretien de vos follicules pileux.<\/p>\n<\/li>\n<li style=\"text-align: left;\"><span style=\"color: #282828;\"><strong>Faites de l&rsquo;exercice &#8211; surtout des exercices de force <\/strong><\/span><span style=\"color: #282828;\">It is so important to take up and live a healthier lifestyle during the menopause &#8211; as your health is improved, you\u2019re well being is maintained during your menopausal phase.<\/span><\/li>\n<li style=\"text-align: left;\"><span style=\"color: #282828;\"><strong>Hydratation<\/strong> Vous l&rsquo;avez d\u00e9j\u00e0 entendu \u00e0 maintes reprises, mais c&rsquo;est essentiel.<\/span>\n<ol>\n<li style=\"text-align: left;\">Votre peau et vos cheveux deviennent secs et fins pendant la m\u00e9nopause, il est donc essentiel de rester hydrat\u00e9.<\/li>\n<li style=\"text-align: left;\">L&rsquo;eau \u00e9limine les toxines pour laisser votre int\u00e9rieur aussi propre que possible.<\/li>\n<\/ol>\n<\/li>\n<\/ol>\n\t\t\n<style>\n#text-2207322740 {\n  color: rgb(0,0,0);\n}\n#text-2207322740 > * {\n  color: rgb(0,0,0);\n}\n<\/style>\n\t<\/div>\n\t\n<div class=\"row row-large align-middle align-center\"  id=\"row-761587603\">\n\n\n\t<div id=\"col-2112177898\" class=\"col medium-7 small-12 large-7\"  >\n\t\t\t\t<div class=\"col-inner text-center\"  >\n\t\t\t\n\t\t\t\n\n\t<div id=\"text-2346914954\" class=\"text\">\n\t\t\n\n<p style=\"text-align: left;\"><span style=\"color: #282828;\"><strong>4. Stress<\/strong><\/span><\/p>\n<p style=\"text-align: left;\"><span style=\"color: #282828;\">Je ne suis pas du genre \u00e0 pr\u00eacher sur ce point, mais le stress cause tellement de dommages<\/span><\/p>\n<ul style=\"text-align: left;\">\n<li>un faible taux d&rsquo;\u0153strog\u00e8nes, ce qui peut entra\u00eener une perte de cheveux \u00e0 la m\u00e9nopause ;<\/li>\n<li>la d\u00e9pression ; et<\/li>\n<li>l&rsquo;anxi\u00e9t\u00e9.<\/li>\n<\/ul>\n<p style=\"text-align: left;\"><span style=\"color: #282828;\"><strong>5, Allez-y doucement avec vos cheveux<br \/><\/strong><\/span><\/p>\n<div style=\"text-align: left;\">Vous pouvez am\u00e9liorer l&rsquo;apparence de vos cheveux en<\/div>\n<ul style=\"text-align: left;\">\n<li>\u00c9vitant les outils qui ab\u00eement la chaleur comme les lisseurs et les s\u00e8che-cheveux.<\/li>\n<li>\u00c9vitez les coiffures qui impliquent de tirer ou de tordre les cheveux.<\/li>\n<li>Utilisez des shampooings, apr\u00e8s-shampooings et produits coiffants doux pour am\u00e9liorer l&rsquo;apparence de vos cheveux et les nourrir de l&rsquo;ext\u00e9rieur vers l&rsquo;int\u00e9rieur.<\/li>\n<\/ul>\n<p style=\"text-align: left;\">Et surtout, si vous \u00eates inquiet ou si la perte ou l&rsquo;\u00e9claircissement des cheveux est excessif, consultez votre m\u00e9decin.  La perte ou l&rsquo;affinement des cheveux peut \u00eatre le signe d&rsquo;un probl\u00e8me m\u00e9dical plus grave.<\/p>\n<p style=\"text-align: left;\"><span style=\"color: #282828;\"><strong>Better safe than sorry!<\/strong><\/span><\/p>\n<p style=\"text-align: left;\"><span style=\"color: #282828;\"> <\/span><\/p>\n\t\t\n<style>\n#text-2346914954 {\n  color: rgb(0,0,0);\n}\n#text-2346914954 > * {\n  color: rgb(0,0,0);\n}\n<\/style>\n\t<\/div>\n\t\n\n\t\t<\/div>\n\t\t\t\t\t<\/div>\n\n\t\n\n\t<div id=\"col-1169061904\" class=\"col medium-5 small-12 large-5\"  >\n\t\t\t\t<div class=\"col-inner box-shadow-2 box-shadow-5-hover\" style=\"background-color:rgb(255, 255, 255);\" >\n\t\t\t\n\t\t\t\n\n\t<div class=\"img has-hover x md-x lg-x y md-y lg-y\" id=\"image_1564075288\">\n\t\t\t\t\t\t\t\t<div class=\"img-inner dark\" >\n\t\t\t<img fetchpriority=\"high\" decoding=\"async\" width=\"500\" height=\"500\" src=\"https:\/\/dutchhealthstore.com\/wp-content\/uploads\/2021\/08\/CurlyEllie_Intense_Shampoo_resultaat.gif\" class=\"attachment-large size-large\" alt=\"\" \/>\t\t\t\t\t\t\n\t\t\t\t\t<\/div>\n\t\t\t\t\t\t\t\t\n<style>\n#image_1564075288 {\n  width: 100%;\n}\n<\/style>\n\t<\/div>\n\t\n\n\n\t\t<\/div>\n\t\t\t\t\n<style>\n#col-1169061904 > .col-inner {\n  padding: 15px 15px 15px 15px;\n}\n<\/style>\n\t<\/div>\n\n\t\n\n<\/div>\n<div class=\"row\"  id=\"row-143682832\">\n\n\n\t<div id=\"col-1000227985\" class=\"col medium-5 small-12 large-5\"  >\n\t\t\t\t<div class=\"col-inner\"  >\n\t\t\t\n\t\t\t\n\n\n\t\t<\/div>\n\t\t\t\t\t<\/div>\n\n\t\n\n\t<div id=\"col-386905215\" class=\"col medium-2 small-12 large-2\"  >\n\t\t\t\t<div class=\"col-inner\"  >\n\t\t\t\n\t\t\t\n\n\t<div class=\"img has-hover x md-x lg-x y md-y lg-y\" id=\"image_1052256615\">\n\t\t\t\t\t\t\t\t<div class=\"img-inner dark\" >\n\t\t\t<img decoding=\"async\" width=\"825\" height=\"800\" src=\"https:\/\/dutchhealthstore.com\/wp-content\/uploads\/2021\/05\/logopng2-825x800.png\" class=\"attachment-large size-large\" alt=\"logo curlyellie intense\" srcset=\"https:\/\/dutchhealthstore.com\/wp-content\/uploads\/2021\/05\/logopng2-825x800.png 825w, https:\/\/dutchhealthstore.com\/wp-content\/uploads\/2021\/05\/logopng2-510x495.png 510w, https:\/\/dutchhealthstore.com\/wp-content\/uploads\/2021\/05\/logopng2-412x400.png 412w, https:\/\/dutchhealthstore.com\/wp-content\/uploads\/2021\/05\/logopng2-768x745.png 768w, https:\/\/dutchhealthstore.com\/wp-content\/uploads\/2021\/05\/logopng2.png 863w\" sizes=\"(max-width: 825px) 100vw, 825px\" \/>\t\t\t\t\t\t\n\t\t\t\t\t<\/div>\n\t\t\t\t\t\t\t\t\n<style>\n#image_1052256615 {\n  width: 100%;\n}\n<\/style>\n\t<\/div>\n\t\n\n\n\t\t<\/div>\n\t\t\t\t\t<\/div>\n\n\t\n\n\t<div id=\"col-442694293\" class=\"col medium-5 small-12 large-5\"  >\n\t\t\t\t<div class=\"col-inner\"  >\n\t\t\t\n\t\t\t\n\n\n\t\t<\/div>\n\t\t\t\t\t<\/div>\n\n\t\n\n<\/div>\n<div class=\"row\"  id=\"row-1469627447\">\n\n\n\t<div id=\"col-1400765722\" class=\"col small-12 large-12\"  >\n\t\t\t\t<div class=\"col-inner\"  >\n\t\t\t\n\t\t\t\n\n\t\n  \n    <div class=\"row large-columns-6 medium-columns-3 small-columns-2 row-small\" >\n  <\/div>\n\n\n\t\t<\/div>\n\t\t\t\t\t<\/div>\n\n\t\n\n<\/div>\n<div class=\"is-divider divider clearfix\" style=\"max-width:100%;height:1px;\"><\/div>\n\n\n  \n    <div class=\"row large-columns-3 medium-columns-1 small-columns-1 slider row-slider slider-nav-reveal slider-nav-push\"  data-flickity-options='{&quot;imagesLoaded&quot;: true, &quot;groupCells&quot;: &quot;100%&quot;, &quot;dragThreshold&quot; : 5, &quot;cellAlign&quot;: &quot;left&quot;,&quot;wrapAround&quot;: true,&quot;prevNextButtons&quot;: true,&quot;percentPosition&quot;: true,&quot;pageDots&quot;: false, &quot;rightToLeft&quot;: false, &quot;autoPlay&quot; : false}' >\n\n  <div class=\"col post-item\" >\n\t\t\t<div class=\"col-inner\">\n\t\t\t\t<div class=\"box box-normal box-text-bottom box-blog-post has-hover\">\n            \t\t\t\t\t<div class=\"box-image\" >\n  \t\t\t\t\t\t<div class=\"image-cover\" style=\"padding-top:32%;\">\n\t\t\t\t\t\t\t<a href=\"https:\/\/dutchhealthstore.com\/fr\/conseils-dhiver-pour-des-cheveux-sains-et-brillants\/\" class=\"plain\" aria-label=\"Conseils d&rsquo;hiver pour des cheveux sains et brillants\">\n\t\t\t\t\t\t\t\t<img decoding=\"async\" width=\"800\" height=\"268\" src=\"https:\/\/dutchhealthstore.com\/wp-content\/uploads\/2024\/10\/winter-haircare-800x268.jpg\" class=\"attachment-medium size-medium wp-post-image\" alt=\"\" srcset=\"https:\/\/dutchhealthstore.com\/wp-content\/uploads\/2024\/10\/winter-haircare-800x268.jpg 800w, https:\/\/dutchhealthstore.com\/wp-content\/uploads\/2024\/10\/winter-haircare-768x257.jpg 768w, https:\/\/dutchhealthstore.com\/wp-content\/uploads\/2024\/10\/winter-haircare-149x50.jpg 149w, https:\/\/dutchhealthstore.com\/wp-content\/uploads\/2024\/10\/winter-haircare-530x178.jpg 530w, https:\/\/dutchhealthstore.com\/wp-content\/uploads\/2024\/10\/winter-haircare-64x21.jpg 64w, https:\/\/dutchhealthstore.com\/wp-content\/uploads\/2024\/10\/winter-haircare.jpg 1390w\" sizes=\"(max-width: 800px) 100vw, 800px\" \/>\t\t\t\t\t\t\t<\/a>\n  \t\t\t\t\t\t\t  \t\t\t\t\t\t\t  \t\t\t\t\t\t<\/div>\n  \t\t\t\t\t\t  \t\t\t\t\t<\/div>\n          \t\t\t\t\t<div class=\"box-text text-center\" >\n\t\t\t\t\t<div class=\"box-text-inner blog-post-inner\">\n\n\t\t\t\t\t\n\t\t\t\t\t\t\t\t\t\t<h5 class=\"post-title is-large \">\n\t\t\t\t\t\t<a href=\"https:\/\/dutchhealthstore.com\/fr\/conseils-dhiver-pour-des-cheveux-sains-et-brillants\/\" class=\"plain\">Conseils d&rsquo;hiver pour des cheveux sains et brillants<\/a>\n\t\t\t\t\t<\/h5>\n\t\t\t\t\t\t\t\t\t\t<div class=\"is-divider\"><\/div>\n\t\t\t\t\t\t\t\t\t\t<p class=\"from_the_blog_excerpt \">\n\t\t\t\t\t\tLorsque les temp\u00e9ratures chutent et que l'air devient sec, vos cheveux sont confront\u00e9s \u00e0 leur [...]\t\t\t\t\t<\/p>\n\t\t\t\t\t                    \n\t\t\t\t\t\n\t\t\t\t\t\n\t\t\t\t\t<\/div>\n\t\t\t\t\t<\/div>\n\t\t\t\t\t\t\t\t\t\t\t\t\t\t\t\t<div class=\"badge absolute top post-date badge-square\">\n\t\t\t\t\t\t\t<div class=\"badge-inner\">\n\t\t\t\t\t\t\t\t<span class=\"post-date-day\">22<\/span><br>\n\t\t\t\t\t\t\t\t<span class=\"post-date-month is-xsmall\">Oct<\/span>\n\t\t\t\t\t\t\t<\/div>\n\t\t\t\t\t\t<\/div>\n\t\t\t\t\t\t\t\t\t<\/div>\n\t\t\t<\/div>\n\t\t<\/div><div class=\"col post-item\" >\n\t\t\t<div class=\"col-inner\">\n\t\t\t\t<div class=\"box box-normal box-text-bottom box-blog-post has-hover\">\n            \t\t\t\t\t<div class=\"box-image\" >\n  \t\t\t\t\t\t<div class=\"image-cover\" style=\"padding-top:32%;\">\n\t\t\t\t\t\t\t<a href=\"https:\/\/dutchhealthstore.com\/fr\/preparer-vos-cheveux-pour-lete-17-conseils-essentiels-pour-de-beaux-cheveux-boucles\/\" class=\"plain\" aria-label=\"Pr\u00e9parer vos cheveux pour l&rsquo;\u00e9t\u00e9 : 17 conseils essentiels pour de beaux cheveux boucl\u00e9s\">\n\t\t\t\t\t\t\t\t<img loading=\"lazy\" decoding=\"async\" width=\"800\" height=\"268\" src=\"https:\/\/dutchhealthstore.com\/wp-content\/uploads\/2023\/07\/curlyellie-header-800x268.jpg\" class=\"attachment-medium size-medium wp-post-image\" alt=\"\" srcset=\"https:\/\/dutchhealthstore.com\/wp-content\/uploads\/2023\/07\/curlyellie-header-800x268.jpg 800w, https:\/\/dutchhealthstore.com\/wp-content\/uploads\/2023\/07\/curlyellie-header-768x257.jpg 768w, https:\/\/dutchhealthstore.com\/wp-content\/uploads\/2023\/07\/curlyellie-header-510x171.jpg 510w, https:\/\/dutchhealthstore.com\/wp-content\/uploads\/2023\/07\/curlyellie-header-64x21.jpg 64w, https:\/\/dutchhealthstore.com\/wp-content\/uploads\/2023\/07\/curlyellie-header.jpg 1390w\" sizes=\"(max-width: 800px) 100vw, 800px\" \/>\t\t\t\t\t\t\t<\/a>\n  \t\t\t\t\t\t\t  \t\t\t\t\t\t\t  \t\t\t\t\t\t<\/div>\n  \t\t\t\t\t\t  \t\t\t\t\t<\/div>\n          \t\t\t\t\t<div class=\"box-text text-center\" >\n\t\t\t\t\t<div class=\"box-text-inner blog-post-inner\">\n\n\t\t\t\t\t\n\t\t\t\t\t\t\t\t\t\t<h5 class=\"post-title is-large \">\n\t\t\t\t\t\t<a href=\"https:\/\/dutchhealthstore.com\/fr\/preparer-vos-cheveux-pour-lete-17-conseils-essentiels-pour-de-beaux-cheveux-boucles\/\" class=\"plain\">Pr\u00e9parer vos cheveux pour l&rsquo;\u00e9t\u00e9 : 17 conseils essentiels pour de beaux cheveux boucl\u00e9s<\/a>\n\t\t\t\t\t<\/h5>\n\t\t\t\t\t\t\t\t\t\t<div class=\"is-divider\"><\/div>\n\t\t\t\t\t\t\t\t\t\t<p class=\"from_the_blog_excerpt \">\n\t\t\t\t\t\tAvec l'arriv\u00e9e de la saison ensoleill\u00e9e tant attendue, nous avons tous h\u00e2te de nous r\u00e9chauffer [...]\t\t\t\t\t<\/p>\n\t\t\t\t\t                    \n\t\t\t\t\t\n\t\t\t\t\t\n\t\t\t\t\t<\/div>\n\t\t\t\t\t<\/div>\n\t\t\t\t\t\t\t\t\t\t\t\t\t\t\t\t<div class=\"badge absolute top post-date badge-square\">\n\t\t\t\t\t\t\t<div class=\"badge-inner\">\n\t\t\t\t\t\t\t\t<span class=\"post-date-day\">03<\/span><br>\n\t\t\t\t\t\t\t\t<span class=\"post-date-month is-xsmall\">Mai<\/span>\n\t\t\t\t\t\t\t<\/div>\n\t\t\t\t\t\t<\/div>\n\t\t\t\t\t\t\t\t\t<\/div>\n\t\t\t<\/div>\n\t\t<\/div><div class=\"col post-item\" >\n\t\t\t<div class=\"col-inner\">\n\t\t\t\t<div class=\"box box-normal box-text-bottom box-blog-post has-hover\">\n            \t\t\t\t\t<div class=\"box-image\" >\n  \t\t\t\t\t\t<div class=\"image-cover\" style=\"padding-top:32%;\">\n\t\t\t\t\t\t\t<a href=\"https:\/\/dutchhealthstore.com\/fr\/percer-les-secrets-des-boucles-parfaites-choisir-le-bon-gel-capillaire\/\" class=\"plain\" aria-label=\"Percer les secrets des boucles parfaites : Choisir le bon gel capillaire\">\n\t\t\t\t\t\t\t\t<img loading=\"lazy\" decoding=\"async\" width=\"800\" height=\"268\" src=\"https:\/\/dutchhealthstore.com\/wp-content\/uploads\/2023\/11\/curlyellie-header-800x268.jpg\" class=\"attachment-medium size-medium wp-post-image\" alt=\"\" srcset=\"https:\/\/dutchhealthstore.com\/wp-content\/uploads\/2023\/11\/curlyellie-header-800x268.jpg 800w, https:\/\/dutchhealthstore.com\/wp-content\/uploads\/2023\/11\/curlyellie-header-768x257.jpg 768w, https:\/\/dutchhealthstore.com\/wp-content\/uploads\/2023\/11\/curlyellie-header-510x171.jpg 510w, https:\/\/dutchhealthstore.com\/wp-content\/uploads\/2023\/11\/curlyellie-header-64x21.jpg 64w, https:\/\/dutchhealthstore.com\/wp-content\/uploads\/2023\/11\/curlyellie-header.jpg 1390w\" sizes=\"(max-width: 800px) 100vw, 800px\" \/>\t\t\t\t\t\t\t<\/a>\n  \t\t\t\t\t\t\t  \t\t\t\t\t\t\t  \t\t\t\t\t\t<\/div>\n  \t\t\t\t\t\t  \t\t\t\t\t<\/div>\n          \t\t\t\t\t<div class=\"box-text text-center\" >\n\t\t\t\t\t<div class=\"box-text-inner blog-post-inner\">\n\n\t\t\t\t\t\n\t\t\t\t\t\t\t\t\t\t<h5 class=\"post-title is-large \">\n\t\t\t\t\t\t<a href=\"https:\/\/dutchhealthstore.com\/fr\/percer-les-secrets-des-boucles-parfaites-choisir-le-bon-gel-capillaire\/\" class=\"plain\">Percer les secrets des boucles parfaites : Choisir le bon gel capillaire<\/a>\n\t\t\t\t\t<\/h5>\n\t\t\t\t\t\t\t\t\t\t<div class=\"is-divider\"><\/div>\n\t\t\t\t\t\t\t\t\t\t<p class=\"from_the_blog_excerpt \">\n\t\t\t\t\t\tVous \u00eates-vous d\u00e9j\u00e0 demand\u00e9 quel gel capillaire choisir pour vos boucles ? Vous n'\u00eates pas [...]\t\t\t\t\t<\/p>\n\t\t\t\t\t                    \n\t\t\t\t\t\n\t\t\t\t\t\n\t\t\t\t\t<\/div>\n\t\t\t\t\t<\/div>\n\t\t\t\t\t\t\t\t\t\t\t\t\t\t\t\t<div class=\"badge absolute top post-date badge-square\">\n\t\t\t\t\t\t\t<div class=\"badge-inner\">\n\t\t\t\t\t\t\t\t<span class=\"post-date-day\">21<\/span><br>\n\t\t\t\t\t\t\t\t<span class=\"post-date-month is-xsmall\">Nov<\/span>\n\t\t\t\t\t\t\t<\/div>\n\t\t\t\t\t\t<\/div>\n\t\t\t\t\t\t\t\t\t<\/div>\n\t\t\t<\/div>\n\t\t<\/div><div class=\"col post-item\" >\n\t\t\t<div class=\"col-inner\">\n\t\t\t\t<div class=\"box box-normal box-text-bottom box-blog-post has-hover\">\n            \t\t\t\t\t<div class=\"box-image\" >\n  \t\t\t\t\t\t<div class=\"image-cover\" style=\"padding-top:32%;\">\n\t\t\t\t\t\t\t<a href=\"https:\/\/dutchhealthstore.com\/fr\/percer-le-mystere-du-double-shampooing-est-ce-que-cela-change-la-donne\/\" class=\"plain\" aria-label=\"Percer le myst\u00e8re du double shampooing : est-ce que cela change la donne ?\">\n\t\t\t\t\t\t\t\t<img loading=\"lazy\" decoding=\"async\" width=\"800\" height=\"268\" src=\"https:\/\/dutchhealthstore.com\/wp-content\/uploads\/2023\/06\/mystery-double-shampoo-curlyellie-800x268.jpg\" class=\"attachment-medium size-medium wp-post-image\" alt=\"\" srcset=\"https:\/\/dutchhealthstore.com\/wp-content\/uploads\/2023\/06\/mystery-double-shampoo-curlyellie-800x268.jpg 800w, https:\/\/dutchhealthstore.com\/wp-content\/uploads\/2023\/06\/mystery-double-shampoo-curlyellie-768x257.jpg 768w, https:\/\/dutchhealthstore.com\/wp-content\/uploads\/2023\/06\/mystery-double-shampoo-curlyellie-510x171.jpg 510w, https:\/\/dutchhealthstore.com\/wp-content\/uploads\/2023\/06\/mystery-double-shampoo-curlyellie-64x21.jpg 64w, https:\/\/dutchhealthstore.com\/wp-content\/uploads\/2023\/06\/mystery-double-shampoo-curlyellie.jpg 1390w\" sizes=\"(max-width: 800px) 100vw, 800px\" \/>\t\t\t\t\t\t\t<\/a>\n  \t\t\t\t\t\t\t  \t\t\t\t\t\t\t  \t\t\t\t\t\t<\/div>\n  \t\t\t\t\t\t  \t\t\t\t\t<\/div>\n          \t\t\t\t\t<div class=\"box-text text-center\" >\n\t\t\t\t\t<div class=\"box-text-inner blog-post-inner\">\n\n\t\t\t\t\t\n\t\t\t\t\t\t\t\t\t\t<h5 class=\"post-title is-large \">\n\t\t\t\t\t\t<a href=\"https:\/\/dutchhealthstore.com\/fr\/percer-le-mystere-du-double-shampooing-est-ce-que-cela-change-la-donne\/\" class=\"plain\">Percer le myst\u00e8re du double shampooing : est-ce que cela change la donne ?<\/a>\n\t\t\t\t\t<\/h5>\n\t\t\t\t\t\t\t\t\t\t<div class=\"is-divider\"><\/div>\n\t\t\t\t\t\t\t\t\t\t<p class=\"from_the_blog_excerpt \">\n\t\t\t\t\t\tLe shampooing doux CurlyEllie est sp\u00e9cialement con\u00e7u pour ne produire de la mousse que lorsque [...]\t\t\t\t\t<\/p>\n\t\t\t\t\t                    \n\t\t\t\t\t\n\t\t\t\t\t\n\t\t\t\t\t<\/div>\n\t\t\t\t\t<\/div>\n\t\t\t\t\t\t\t\t\t\t\t\t\t\t\t\t<div class=\"badge absolute top post-date badge-square\">\n\t\t\t\t\t\t\t<div class=\"badge-inner\">\n\t\t\t\t\t\t\t\t<span class=\"post-date-day\">22<\/span><br>\n\t\t\t\t\t\t\t\t<span class=\"post-date-month is-xsmall\">Juin<\/span>\n\t\t\t\t\t\t\t<\/div>\n\t\t\t\t\t\t<\/div>\n\t\t\t\t\t\t\t\t\t<\/div>\n\t\t\t<\/div>\n\t\t<\/div><div class=\"col post-item\" >\n\t\t\t<div class=\"col-inner\">\n\t\t\t\t<div class=\"box box-normal box-text-bottom box-blog-post has-hover\">\n            \t\t\t\t\t<div class=\"box-image\" >\n  \t\t\t\t\t\t<div class=\"image-cover\" style=\"padding-top:32%;\">\n\t\t\t\t\t\t\t<a href=\"https:\/\/dutchhealthstore.com\/fr\/casse-des-cheveux\/\" class=\"plain\" aria-label=\"Casse des cheveux\">\n\t\t\t\t\t\t\t\t<img loading=\"lazy\" decoding=\"async\" width=\"800\" height=\"268\" src=\"https:\/\/dutchhealthstore.com\/wp-content\/uploads\/2022\/11\/hair-breakage-curlyellie-800x268.jpg\" class=\"attachment-medium size-medium wp-post-image\" alt=\"hair breakage\" srcset=\"https:\/\/dutchhealthstore.com\/wp-content\/uploads\/2022\/11\/hair-breakage-curlyellie-800x268.jpg 800w, https:\/\/dutchhealthstore.com\/wp-content\/uploads\/2022\/11\/hair-breakage-curlyellie-768x257.jpg 768w, https:\/\/dutchhealthstore.com\/wp-content\/uploads\/2022\/11\/hair-breakage-curlyellie-510x171.jpg 510w, https:\/\/dutchhealthstore.com\/wp-content\/uploads\/2022\/11\/hair-breakage-curlyellie-64x21.jpg 64w, https:\/\/dutchhealthstore.com\/wp-content\/uploads\/2022\/11\/hair-breakage-curlyellie.jpg 1390w\" sizes=\"(max-width: 800px) 100vw, 800px\" \/>\t\t\t\t\t\t\t<\/a>\n  \t\t\t\t\t\t\t  \t\t\t\t\t\t\t  \t\t\t\t\t\t<\/div>\n  \t\t\t\t\t\t  \t\t\t\t\t<\/div>\n          \t\t\t\t\t<div class=\"box-text text-center\" >\n\t\t\t\t\t<div class=\"box-text-inner blog-post-inner\">\n\n\t\t\t\t\t\n\t\t\t\t\t\t\t\t\t\t<h5 class=\"post-title is-large \">\n\t\t\t\t\t\t<a href=\"https:\/\/dutchhealthstore.com\/fr\/casse-des-cheveux\/\" class=\"plain\">Casse des cheveux<\/a>\n\t\t\t\t\t<\/h5>\n\t\t\t\t\t\t\t\t\t\t<div class=\"is-divider\"><\/div>\n\t\t\t\t\t\t\t\t\t\t<p class=\"from_the_blog_excerpt \">\n\t\t\t\t\t\t\u00c0 mesure que les cheveux vieillissent et s'allongent, il est courant de voir des cheveux [...]\t\t\t\t\t<\/p>\n\t\t\t\t\t                    \n\t\t\t\t\t\n\t\t\t\t\t\n\t\t\t\t\t<\/div>\n\t\t\t\t\t<\/div>\n\t\t\t\t\t\t\t\t\t\t\t\t\t\t\t\t<div class=\"badge absolute top post-date badge-square\">\n\t\t\t\t\t\t\t<div class=\"badge-inner\">\n\t\t\t\t\t\t\t\t<span class=\"post-date-day\">21<\/span><br>\n\t\t\t\t\t\t\t\t<span class=\"post-date-month is-xsmall\">F\u00e9v<\/span>\n\t\t\t\t\t\t\t<\/div>\n\t\t\t\t\t\t<\/div>\n\t\t\t\t\t\t\t\t\t<\/div>\n\t\t\t<\/div>\n\t\t<\/div><div class=\"col post-item\" >\n\t\t\t<div class=\"col-inner\">\n\t\t\t\t<div class=\"box box-normal box-text-bottom box-blog-post has-hover\">\n            \t\t\t\t\t<div class=\"box-image\" >\n  \t\t\t\t\t\t<div class=\"image-cover\" style=\"padding-top:32%;\">\n\t\t\t\t\t\t\t<a href=\"https:\/\/dutchhealthstore.com\/fr\/la-technique-des-racines-soulevees-de-curlyellie\/\" class=\"plain\" aria-label=\"La technique des racines soulev\u00e9es de CurlyEllie\">\n\t\t\t\t\t\t\t\t<img loading=\"lazy\" decoding=\"async\" width=\"800\" height=\"254\" src=\"https:\/\/dutchhealthstore.com\/wp-content\/uploads\/2023\/02\/lifted-roots-technique-800x254.jpg\" class=\"attachment-medium size-medium wp-post-image\" alt=\"curlyellie\" srcset=\"https:\/\/dutchhealthstore.com\/wp-content\/uploads\/2023\/02\/lifted-roots-technique-800x254.jpg 800w, https:\/\/dutchhealthstore.com\/wp-content\/uploads\/2023\/02\/lifted-roots-technique-768x244.jpg 768w, https:\/\/dutchhealthstore.com\/wp-content\/uploads\/2023\/02\/lifted-roots-technique-510x162.jpg 510w, https:\/\/dutchhealthstore.com\/wp-content\/uploads\/2023\/02\/lifted-roots-technique-64x20.jpg 64w, https:\/\/dutchhealthstore.com\/wp-content\/uploads\/2023\/02\/lifted-roots-technique.jpg 1200w\" sizes=\"(max-width: 800px) 100vw, 800px\" \/>\t\t\t\t\t\t\t<\/a>\n  \t\t\t\t\t\t\t  \t\t\t\t\t\t\t  \t\t\t\t\t\t<\/div>\n  \t\t\t\t\t\t  \t\t\t\t\t<\/div>\n          \t\t\t\t\t<div class=\"box-text text-center\" >\n\t\t\t\t\t<div class=\"box-text-inner blog-post-inner\">\n\n\t\t\t\t\t\n\t\t\t\t\t\t\t\t\t\t<h5 class=\"post-title is-large \">\n\t\t\t\t\t\t<a href=\"https:\/\/dutchhealthstore.com\/fr\/la-technique-des-racines-soulevees-de-curlyellie\/\" class=\"plain\">La technique des racines soulev\u00e9es de CurlyEllie<\/a>\n\t\t\t\t\t<\/h5>\n\t\t\t\t\t\t\t\t\t\t<div class=\"is-divider\"><\/div>\n\t\t\t\t\t\t\t\t\t\t<p class=\"from_the_blog_excerpt \">\n\t\t\t\t\t\tLe soin des cheveux boucl\u00e9s est une forme d'art qui implique \u00e0 la fois de [...]\t\t\t\t\t<\/p>\n\t\t\t\t\t                    \n\t\t\t\t\t\n\t\t\t\t\t\n\t\t\t\t\t<\/div>\n\t\t\t\t\t<\/div>\n\t\t\t\t\t\t\t\t\t\t\t\t\t\t\t\t<div class=\"badge absolute top post-date badge-square\">\n\t\t\t\t\t\t\t<div class=\"badge-inner\">\n\t\t\t\t\t\t\t\t<span class=\"post-date-day\">21<\/span><br>\n\t\t\t\t\t\t\t\t<span class=\"post-date-month is-xsmall\">F\u00e9v<\/span>\n\t\t\t\t\t\t\t<\/div>\n\t\t\t\t\t\t<\/div>\n\t\t\t\t\t\t\t\t\t<\/div>\n\t\t\t<\/div>\n\t\t<\/div><div class=\"col post-item\" >\n\t\t\t<div class=\"col-inner\">\n\t\t\t\t<div class=\"box box-normal box-text-bottom box-blog-post has-hover\">\n            \t\t\t\t\t<div class=\"box-image\" >\n  \t\t\t\t\t\t<div class=\"image-cover\" style=\"padding-top:32%;\">\n\t\t\t\t\t\t\t<a href=\"https:\/\/dutchhealthstore.com\/fr\/le-guide-complet-de-curlyellie-sur-leau-douce-et-leau-dure\/\" class=\"plain\" aria-label=\"Le guide complet de CurlyEllie sur l&rsquo;eau douce et l&rsquo;eau dure\">\n\t\t\t\t\t\t\t\t<img loading=\"lazy\" decoding=\"async\" width=\"800\" height=\"268\" src=\"https:\/\/dutchhealthstore.com\/wp-content\/uploads\/2022\/11\/curlyellie-head-hard-water-800x268.jpg\" class=\"attachment-medium size-medium wp-post-image\" alt=\"\" srcset=\"https:\/\/dutchhealthstore.com\/wp-content\/uploads\/2022\/11\/curlyellie-head-hard-water-800x268.jpg 800w, https:\/\/dutchhealthstore.com\/wp-content\/uploads\/2022\/11\/curlyellie-head-hard-water-768x257.jpg 768w, https:\/\/dutchhealthstore.com\/wp-content\/uploads\/2022\/11\/curlyellie-head-hard-water-510x171.jpg 510w, https:\/\/dutchhealthstore.com\/wp-content\/uploads\/2022\/11\/curlyellie-head-hard-water-64x21.jpg 64w, https:\/\/dutchhealthstore.com\/wp-content\/uploads\/2022\/11\/curlyellie-head-hard-water.jpg 1390w\" sizes=\"(max-width: 800px) 100vw, 800px\" \/>\t\t\t\t\t\t\t<\/a>\n  \t\t\t\t\t\t\t  \t\t\t\t\t\t\t  \t\t\t\t\t\t<\/div>\n  \t\t\t\t\t\t  \t\t\t\t\t<\/div>\n          \t\t\t\t\t<div class=\"box-text text-center\" >\n\t\t\t\t\t<div class=\"box-text-inner blog-post-inner\">\n\n\t\t\t\t\t\n\t\t\t\t\t\t\t\t\t\t<h5 class=\"post-title is-large \">\n\t\t\t\t\t\t<a href=\"https:\/\/dutchhealthstore.com\/fr\/le-guide-complet-de-curlyellie-sur-leau-douce-et-leau-dure\/\" class=\"plain\">Le guide complet de CurlyEllie sur l&rsquo;eau douce et l&rsquo;eau dure<\/a>\n\t\t\t\t\t<\/h5>\n\t\t\t\t\t\t\t\t\t\t<div class=\"is-divider\"><\/div>\n\t\t\t\t\t\t\t\t\t\t<p class=\"from_the_blog_excerpt \">\n\t\t\t\t\t\tPourquoi l'eau devient-elle dure ? Lorsque l'eau de pluie filtre \u00e0 travers les couches de [...]\t\t\t\t\t<\/p>\n\t\t\t\t\t                    \n\t\t\t\t\t\n\t\t\t\t\t\n\t\t\t\t\t<\/div>\n\t\t\t\t\t<\/div>\n\t\t\t\t\t\t\t\t\t\t\t\t\t\t\t\t<div class=\"badge absolute top post-date badge-square\">\n\t\t\t\t\t\t\t<div class=\"badge-inner\">\n\t\t\t\t\t\t\t\t<span class=\"post-date-day\">11<\/span><br>\n\t\t\t\t\t\t\t\t<span class=\"post-date-month is-xsmall\">Nov<\/span>\n\t\t\t\t\t\t\t<\/div>\n\t\t\t\t\t\t<\/div>\n\t\t\t\t\t\t\t\t\t<\/div>\n\t\t\t<\/div>\n\t\t<\/div><div class=\"col post-item\" >\n\t\t\t<div class=\"col-inner\">\n\t\t\t\t<div class=\"box box-normal box-text-bottom box-blog-post has-hover\">\n            \t\t\t\t\t<div class=\"box-image\" >\n  \t\t\t\t\t\t<div class=\"image-cover\" style=\"padding-top:32%;\">\n\t\t\t\t\t\t\t<a href=\"https:\/\/dutchhealthstore.com\/fr\/le-demelage-facile-la-methode-curlyellie\/\" class=\"plain\" aria-label=\"Le d\u00e9m\u00ealage facile : la m\u00e9thode CurlyEllie !\">\n\t\t\t\t\t\t\t\t<img loading=\"lazy\" decoding=\"async\" width=\"800\" height=\"268\" src=\"https:\/\/dutchhealthstore.com\/wp-content\/uploads\/2022\/06\/detangling-spray-curlyellie-800x268.jpg\" class=\"attachment-medium size-medium wp-post-image\" alt=\"\" srcset=\"https:\/\/dutchhealthstore.com\/wp-content\/uploads\/2022\/06\/detangling-spray-curlyellie-800x268.jpg 800w, https:\/\/dutchhealthstore.com\/wp-content\/uploads\/2022\/06\/detangling-spray-curlyellie-510x171.jpg 510w, https:\/\/dutchhealthstore.com\/wp-content\/uploads\/2022\/06\/detangling-spray-curlyellie-64x21.jpg 64w, https:\/\/dutchhealthstore.com\/wp-content\/uploads\/2022\/06\/detangling-spray-curlyellie-768x257.jpg 768w, https:\/\/dutchhealthstore.com\/wp-content\/uploads\/2022\/06\/detangling-spray-curlyellie.jpg 1390w\" sizes=\"(max-width: 800px) 100vw, 800px\" \/>\t\t\t\t\t\t\t<\/a>\n  \t\t\t\t\t\t\t  \t\t\t\t\t\t\t  \t\t\t\t\t\t<\/div>\n  \t\t\t\t\t\t  \t\t\t\t\t<\/div>\n          \t\t\t\t\t<div class=\"box-text text-center\" >\n\t\t\t\t\t<div class=\"box-text-inner blog-post-inner\">\n\n\t\t\t\t\t\n\t\t\t\t\t\t\t\t\t\t<h5 class=\"post-title is-large \">\n\t\t\t\t\t\t<a href=\"https:\/\/dutchhealthstore.com\/fr\/le-demelage-facile-la-methode-curlyellie\/\" class=\"plain\">Le d\u00e9m\u00ealage facile : la m\u00e9thode CurlyEllie !<\/a>\n\t\t\t\t\t<\/h5>\n\t\t\t\t\t\t\t\t\t\t<div class=\"is-divider\"><\/div>\n\t\t\t\t\t\t\t\t\t\t<p class=\"from_the_blog_excerpt \">\n\t\t\t\t\t\tNous avons tous le m\u00eame cauchemar : d\u00e9m\u00ealer les cheveux boucl\u00e9s. Cela peut \u00eatre frustrant [...]\t\t\t\t\t<\/p>\n\t\t\t\t\t                    \n\t\t\t\t\t\n\t\t\t\t\t\n\t\t\t\t\t<\/div>\n\t\t\t\t\t<\/div>\n\t\t\t\t\t\t\t\t\t\t\t\t\t\t\t\t<div class=\"badge absolute top post-date badge-square\">\n\t\t\t\t\t\t\t<div class=\"badge-inner\">\n\t\t\t\t\t\t\t\t<span class=\"post-date-day\">08<\/span><br>\n\t\t\t\t\t\t\t\t<span class=\"post-date-month is-xsmall\">Juil<\/span>\n\t\t\t\t\t\t\t<\/div>\n\t\t\t\t\t\t<\/div>\n\t\t\t\t\t\t\t\t\t<\/div>\n\t\t\t<\/div>\n\t\t<\/div><\/div>\n\n\n\t\t<\/div>\n\n\t\t\n<style>\n#section_751142123 {\n  padding-top: 59px;\n  padding-bottom: 59px;\n  min-height: 300px;\n}\n<\/style>\n\t<\/section>\n\t\n\n","protected":false},"excerpt":{"rendered":"<p>Alors, si vos cheveux s&rsquo;affinent ou tombent et que vous ne savez pas comment les ralentir ou les arr\u00eater. Dans cet article, je vais essayer de vous expliquer pourquoi cela se produit et comment le combattre avec succ\u00e8s.<\/p>\n<p>N&rsquo;oubliez jamais que la m\u00e9nopause est une \u00e9tape normale du cycle de vie et qu&rsquo;elle ne dure pas \u00e9ternellement. Vous la traverserez et en sortirez de l&rsquo;autre c\u00f4t\u00e9.<\/p>\n","protected":false},"author":7912,"featured_media":161274,"comment_status":"open","ping_status":"closed","sticky":false,"template":"","format":"standard","meta":{"footnotes":""},"categories":[11943,12286,1044],"tags":[],"class_list":["post-163410","post","type-post","status-publish","format-standard","has-post-thumbnail","hentry","category-curlyellie-fr","category-curlyellie-intense-fr","category-votre-beaute"],"yoast_head":"<!-- This site is optimized with the Yoast SEO Premium plugin v26.5 (Yoast SEO v26.5) - https:\/\/yoast.com\/wordpress\/plugins\/seo\/ -->\n<title>5 fa\u00e7ons de combattre la perte et l&#039;affinement des cheveux \u00e0 la m\u00e9nopause<\/title>\n<meta name=\"robots\" content=\"index, follow, max-snippet:-1, max-image-preview:large, max-video-preview:-1\" \/>\n<link rel=\"canonical\" href=\"https:\/\/dutchhealthstore.com\/fr\/5-ways-to-combat-menopause-hair-loss-and-thinning\/\" \/>\n<meta property=\"og:locale\" content=\"fr_FR\" \/>\n<meta property=\"og:type\" content=\"article\" \/>\n<meta property=\"og:title\" content=\"5 fa\u00e7ons de combattre la perte et l&#039;affinement des cheveux \u00e0 la m\u00e9nopause\" \/>\n<meta property=\"og:description\" content=\"Alors, si vos cheveux s&#039;affinent ou tombent et que vous ne savez pas comment les ralentir ou les arr\u00eater. Dans cet article, je vais essayer de vous expliquer pourquoi cela se produit et comment le combattre avec succ\u00e8s. N&#039;oubliez jamais que la m\u00e9nopause est une \u00e9tape normale du cycle de vie et qu&#039;elle ne dure pas \u00e9ternellement. Vous la traverserez et en sortirez de l&#039;autre c\u00f4t\u00e9.\" \/>\n<meta property=\"og:url\" content=\"https:\/\/dutchhealthstore.com\/fr\/5-ways-to-combat-menopause-hair-loss-and-thinning\/\" \/>\n<meta property=\"og:site_name\" content=\"Dutch Health Store\" \/>\n<meta property=\"article:publisher\" content=\"https:\/\/www.instagram.com\/dutchhealthstore\/\" \/>\n<meta property=\"article:published_time\" content=\"2021-08-06T08:11:14+00:00\" \/>\n<meta property=\"article:modified_time\" content=\"2021-08-26T14:21:22+00:00\" \/>\n<meta property=\"og:image\" content=\"https:\/\/dutchhealthstore.com\/wp-content\/uploads\/2021\/08\/header-01.jpg\" \/>\n\t<meta property=\"og:image:width\" content=\"1390\" \/>\n\t<meta property=\"og:image:height\" content=\"466\" \/>\n\t<meta property=\"og:image:type\" content=\"image\/jpeg\" \/>\n<meta name=\"author\" content=\"Melissa\" \/>\n<meta name=\"twitter:card\" content=\"summary_large_image\" \/>\n<meta name=\"twitter:creator\" content=\"@melissastruik@live.nl\" \/>\n<meta name=\"twitter:label1\" content=\"\u00c9crit par\" \/>\n\t<meta name=\"twitter:data1\" content=\"Melissa\" \/>\n\t<meta name=\"twitter:label2\" content=\"Dur\u00e9e de lecture estim\u00e9e\" \/>\n\t<meta name=\"twitter:data2\" content=\"5 minutes\" \/>\n<script type=\"application\/ld+json\" class=\"yoast-schema-graph\">{\"@context\":\"https:\/\/schema.org\",\"@graph\":[{\"@type\":\"Article\",\"@id\":\"https:\/\/dutchhealthstore.com\/fr\/5-ways-to-combat-menopause-hair-loss-and-thinning\/#article\",\"isPartOf\":{\"@id\":\"https:\/\/dutchhealthstore.com\/fr\/5-ways-to-combat-menopause-hair-loss-and-thinning\/\"},\"author\":{\"name\":\"Melissa\",\"@id\":\"https:\/\/dutchhealthstore.com\/fr\/#\/schema\/person\/fc8338a651298850abd3add7442f50d7\"},\"headline\":\"5 fa\u00e7ons de combattre la perte et l&rsquo;affinement des cheveux \u00e0 la m\u00e9nopause\",\"datePublished\":\"2021-08-06T08:11:14+00:00\",\"dateModified\":\"2021-08-26T14:21:22+00:00\",\"mainEntityOfPage\":{\"@id\":\"https:\/\/dutchhealthstore.com\/fr\/5-ways-to-combat-menopause-hair-loss-and-thinning\/\"},\"wordCount\":1037,\"commentCount\":0,\"publisher\":{\"@id\":\"https:\/\/dutchhealthstore.com\/fr\/#organization\"},\"image\":{\"@id\":\"https:\/\/dutchhealthstore.com\/fr\/5-ways-to-combat-menopause-hair-loss-and-thinning\/#primaryimage\"},\"thumbnailUrl\":\"https:\/\/dutchhealthstore.com\/wp-content\/uploads\/2021\/08\/header-01.jpg\",\"articleSection\":[\"CurlyEllie\",\"CurlyEllie Intense\",\"Votre Beaute\"],\"inLanguage\":\"fr-FR\",\"potentialAction\":[{\"@type\":\"CommentAction\",\"name\":\"Comment\",\"target\":[\"https:\/\/dutchhealthstore.com\/fr\/5-ways-to-combat-menopause-hair-loss-and-thinning\/#respond\"]}]},{\"@type\":\"WebPage\",\"@id\":\"https:\/\/dutchhealthstore.com\/fr\/5-ways-to-combat-menopause-hair-loss-and-thinning\/\",\"url\":\"https:\/\/dutchhealthstore.com\/fr\/5-ways-to-combat-menopause-hair-loss-and-thinning\/\",\"name\":\"5 fa\u00e7ons de combattre la perte et l'affinement des cheveux \u00e0 la m\u00e9nopause\",\"isPartOf\":{\"@id\":\"https:\/\/dutchhealthstore.com\/fr\/#website\"},\"primaryImageOfPage\":{\"@id\":\"https:\/\/dutchhealthstore.com\/fr\/5-ways-to-combat-menopause-hair-loss-and-thinning\/#primaryimage\"},\"image\":{\"@id\":\"https:\/\/dutchhealthstore.com\/fr\/5-ways-to-combat-menopause-hair-loss-and-thinning\/#primaryimage\"},\"thumbnailUrl\":\"https:\/\/dutchhealthstore.com\/wp-content\/uploads\/2021\/08\/header-01.jpg\",\"datePublished\":\"2021-08-06T08:11:14+00:00\",\"dateModified\":\"2021-08-26T14:21:22+00:00\",\"breadcrumb\":{\"@id\":\"https:\/\/dutchhealthstore.com\/fr\/5-ways-to-combat-menopause-hair-loss-and-thinning\/#breadcrumb\"},\"inLanguage\":\"fr-FR\",\"potentialAction\":[{\"@type\":\"ReadAction\",\"target\":[\"https:\/\/dutchhealthstore.com\/fr\/5-ways-to-combat-menopause-hair-loss-and-thinning\/\"]}]},{\"@type\":\"ImageObject\",\"inLanguage\":\"fr-FR\",\"@id\":\"https:\/\/dutchhealthstore.com\/fr\/5-ways-to-combat-menopause-hair-loss-and-thinning\/#primaryimage\",\"url\":\"https:\/\/dutchhealthstore.com\/wp-content\/uploads\/2021\/08\/header-01.jpg\",\"contentUrl\":\"https:\/\/dutchhealthstore.com\/wp-content\/uploads\/2021\/08\/header-01.jpg\",\"width\":1390,\"height\":466},{\"@type\":\"BreadcrumbList\",\"@id\":\"https:\/\/dutchhealthstore.com\/fr\/5-ways-to-combat-menopause-hair-loss-and-thinning\/#breadcrumb\",\"itemListElement\":[{\"@type\":\"ListItem\",\"position\":1,\"name\":\"Home\",\"item\":\"https:\/\/dutchhealthstore.com\/fr\/\"},{\"@type\":\"ListItem\",\"position\":2,\"name\":\"5 fa\u00e7ons de combattre la perte et l&#8217;affinement des cheveux \u00e0 la m\u00e9nopause\"}]},{\"@type\":\"WebSite\",\"@id\":\"https:\/\/dutchhealthstore.com\/fr\/#website\",\"url\":\"https:\/\/dutchhealthstore.com\/fr\/\",\"name\":\"Dutch Health Store\",\"description\":\"Enhance Your Beauty with Organic &amp; Natural Skincare\",\"publisher\":{\"@id\":\"https:\/\/dutchhealthstore.com\/fr\/#organization\"},\"potentialAction\":[{\"@type\":\"SearchAction\",\"target\":{\"@type\":\"EntryPoint\",\"urlTemplate\":\"https:\/\/dutchhealthstore.com\/fr\/?s={search_term_string}\"},\"query-input\":{\"@type\":\"PropertyValueSpecification\",\"valueRequired\":true,\"valueName\":\"search_term_string\"}}],\"inLanguage\":\"fr-FR\"},{\"@type\":\"Organization\",\"@id\":\"https:\/\/dutchhealthstore.com\/fr\/#organization\",\"name\":\"Dutch Health Store\",\"url\":\"https:\/\/dutchhealthstore.com\/fr\/\",\"logo\":{\"@type\":\"ImageObject\",\"inLanguage\":\"fr-FR\",\"@id\":\"https:\/\/dutchhealthstore.com\/fr\/#\/schema\/logo\/image\/\",\"url\":\"https:\/\/dutchhealthstore.com\/wp-content\/uploads\/2020\/08\/logo-dutchhealthstore-jpg-e1599484957574.jpg\",\"contentUrl\":\"https:\/\/dutchhealthstore.com\/wp-content\/uploads\/2020\/08\/logo-dutchhealthstore-jpg-e1599484957574.jpg\",\"width\":400,\"height\":62,\"caption\":\"Dutch Health Store\"},\"image\":{\"@id\":\"https:\/\/dutchhealthstore.com\/fr\/#\/schema\/logo\/image\/\"},\"sameAs\":[\"https:\/\/www.instagram.com\/dutchhealthstore\/\",\"https:\/\/www.facebook.com\/dutchhealthstore\"]},{\"@type\":\"Person\",\"@id\":\"https:\/\/dutchhealthstore.com\/fr\/#\/schema\/person\/fc8338a651298850abd3add7442f50d7\",\"name\":\"Melissa\",\"sameAs\":[\"https:\/\/x.com\/melissastruik@live.nl\"],\"url\":\"https:\/\/dutchhealthstore.com\/fr\/author\/melissa\/\"}]}<\/script>\n<!-- \/ Yoast SEO Premium plugin. -->","yoast_head_json":{"title":"5 fa\u00e7ons de combattre la perte et l'affinement des cheveux \u00e0 la m\u00e9nopause","robots":{"index":"index","follow":"follow","max-snippet":"max-snippet:-1","max-image-preview":"max-image-preview:large","max-video-preview":"max-video-preview:-1"},"canonical":"https:\/\/dutchhealthstore.com\/fr\/5-ways-to-combat-menopause-hair-loss-and-thinning\/","og_locale":"fr_FR","og_type":"article","og_title":"5 fa\u00e7ons de combattre la perte et l'affinement des cheveux \u00e0 la m\u00e9nopause","og_description":"Alors, si vos cheveux s'affinent ou tombent et que vous ne savez pas comment les ralentir ou les arr\u00eater. Dans cet article, je vais essayer de vous expliquer pourquoi cela se produit et comment le combattre avec succ\u00e8s. N'oubliez jamais que la m\u00e9nopause est une \u00e9tape normale du cycle de vie et qu'elle ne dure pas \u00e9ternellement. Vous la traverserez et en sortirez de l'autre c\u00f4t\u00e9.","og_url":"https:\/\/dutchhealthstore.com\/fr\/5-ways-to-combat-menopause-hair-loss-and-thinning\/","og_site_name":"Dutch Health Store","article_publisher":"https:\/\/www.instagram.com\/dutchhealthstore\/","article_published_time":"2021-08-06T08:11:14+00:00","article_modified_time":"2021-08-26T14:21:22+00:00","og_image":[{"width":1390,"height":466,"url":"https:\/\/dutchhealthstore.com\/wp-content\/uploads\/2021\/08\/header-01.jpg","type":"image\/jpeg"}],"author":"Melissa","twitter_card":"summary_large_image","twitter_creator":"@melissastruik@live.nl","twitter_misc":{"\u00c9crit par":"Melissa","Dur\u00e9e de lecture estim\u00e9e":"5 minutes"},"schema":{"@context":"https:\/\/schema.org","@graph":[{"@type":"Article","@id":"https:\/\/dutchhealthstore.com\/fr\/5-ways-to-combat-menopause-hair-loss-and-thinning\/#article","isPartOf":{"@id":"https:\/\/dutchhealthstore.com\/fr\/5-ways-to-combat-menopause-hair-loss-and-thinning\/"},"author":{"name":"Melissa","@id":"https:\/\/dutchhealthstore.com\/fr\/#\/schema\/person\/fc8338a651298850abd3add7442f50d7"},"headline":"5 fa\u00e7ons de combattre la perte et l&rsquo;affinement des cheveux \u00e0 la m\u00e9nopause","datePublished":"2021-08-06T08:11:14+00:00","dateModified":"2021-08-26T14:21:22+00:00","mainEntityOfPage":{"@id":"https:\/\/dutchhealthstore.com\/fr\/5-ways-to-combat-menopause-hair-loss-and-thinning\/"},"wordCount":1037,"commentCount":0,"publisher":{"@id":"https:\/\/dutchhealthstore.com\/fr\/#organization"},"image":{"@id":"https:\/\/dutchhealthstore.com\/fr\/5-ways-to-combat-menopause-hair-loss-and-thinning\/#primaryimage"},"thumbnailUrl":"https:\/\/dutchhealthstore.com\/wp-content\/uploads\/2021\/08\/header-01.jpg","articleSection":["CurlyEllie","CurlyEllie Intense","Votre Beaute"],"inLanguage":"fr-FR","potentialAction":[{"@type":"CommentAction","name":"Comment","target":["https:\/\/dutchhealthstore.com\/fr\/5-ways-to-combat-menopause-hair-loss-and-thinning\/#respond"]}]},{"@type":"WebPage","@id":"https:\/\/dutchhealthstore.com\/fr\/5-ways-to-combat-menopause-hair-loss-and-thinning\/","url":"https:\/\/dutchhealthstore.com\/fr\/5-ways-to-combat-menopause-hair-loss-and-thinning\/","name":"5 fa\u00e7ons de combattre la perte et l'affinement des cheveux \u00e0 la m\u00e9nopause","isPartOf":{"@id":"https:\/\/dutchhealthstore.com\/fr\/#website"},"primaryImageOfPage":{"@id":"https:\/\/dutchhealthstore.com\/fr\/5-ways-to-combat-menopause-hair-loss-and-thinning\/#primaryimage"},"image":{"@id":"https:\/\/dutchhealthstore.com\/fr\/5-ways-to-combat-menopause-hair-loss-and-thinning\/#primaryimage"},"thumbnailUrl":"https:\/\/dutchhealthstore.com\/wp-content\/uploads\/2021\/08\/header-01.jpg","datePublished":"2021-08-06T08:11:14+00:00","dateModified":"2021-08-26T14:21:22+00:00","breadcrumb":{"@id":"https:\/\/dutchhealthstore.com\/fr\/5-ways-to-combat-menopause-hair-loss-and-thinning\/#breadcrumb"},"inLanguage":"fr-FR","potentialAction":[{"@type":"ReadAction","target":["https:\/\/dutchhealthstore.com\/fr\/5-ways-to-combat-menopause-hair-loss-and-thinning\/"]}]},{"@type":"ImageObject","inLanguage":"fr-FR","@id":"https:\/\/dutchhealthstore.com\/fr\/5-ways-to-combat-menopause-hair-loss-and-thinning\/#primaryimage","url":"https:\/\/dutchhealthstore.com\/wp-content\/uploads\/2021\/08\/header-01.jpg","contentUrl":"https:\/\/dutchhealthstore.com\/wp-content\/uploads\/2021\/08\/header-01.jpg","width":1390,"height":466},{"@type":"BreadcrumbList","@id":"https:\/\/dutchhealthstore.com\/fr\/5-ways-to-combat-menopause-hair-loss-and-thinning\/#breadcrumb","itemListElement":[{"@type":"ListItem","position":1,"name":"Home","item":"https:\/\/dutchhealthstore.com\/fr\/"},{"@type":"ListItem","position":2,"name":"5 fa\u00e7ons de combattre la perte et l&#8217;affinement des cheveux \u00e0 la m\u00e9nopause"}]},{"@type":"WebSite","@id":"https:\/\/dutchhealthstore.com\/fr\/#website","url":"https:\/\/dutchhealthstore.com\/fr\/","name":"Dutch Health Store","description":"Enhance Your Beauty with Organic &amp; Natural Skincare","publisher":{"@id":"https:\/\/dutchhealthstore.com\/fr\/#organization"},"potentialAction":[{"@type":"SearchAction","target":{"@type":"EntryPoint","urlTemplate":"https:\/\/dutchhealthstore.com\/fr\/?s={search_term_string}"},"query-input":{"@type":"PropertyValueSpecification","valueRequired":true,"valueName":"search_term_string"}}],"inLanguage":"fr-FR"},{"@type":"Organization","@id":"https:\/\/dutchhealthstore.com\/fr\/#organization","name":"Dutch Health Store","url":"https:\/\/dutchhealthstore.com\/fr\/","logo":{"@type":"ImageObject","inLanguage":"fr-FR","@id":"https:\/\/dutchhealthstore.com\/fr\/#\/schema\/logo\/image\/","url":"https:\/\/dutchhealthstore.com\/wp-content\/uploads\/2020\/08\/logo-dutchhealthstore-jpg-e1599484957574.jpg","contentUrl":"https:\/\/dutchhealthstore.com\/wp-content\/uploads\/2020\/08\/logo-dutchhealthstore-jpg-e1599484957574.jpg","width":400,"height":62,"caption":"Dutch Health Store"},"image":{"@id":"https:\/\/dutchhealthstore.com\/fr\/#\/schema\/logo\/image\/"},"sameAs":["https:\/\/www.instagram.com\/dutchhealthstore\/","https:\/\/www.facebook.com\/dutchhealthstore"]},{"@type":"Person","@id":"https:\/\/dutchhealthstore.com\/fr\/#\/schema\/person\/fc8338a651298850abd3add7442f50d7","name":"Melissa","sameAs":["https:\/\/x.com\/melissastruik@live.nl"],"url":"https:\/\/dutchhealthstore.com\/fr\/author\/melissa\/"}]}},"_links":{"self":[{"href":"https:\/\/dutchhealthstore.com\/fr\/wp-json\/wp\/v2\/posts\/163410","targetHints":{"allow":["GET"]}}],"collection":[{"href":"https:\/\/dutchhealthstore.com\/fr\/wp-json\/wp\/v2\/posts"}],"about":[{"href":"https:\/\/dutchhealthstore.com\/fr\/wp-json\/wp\/v2\/types\/post"}],"author":[{"embeddable":true,"href":"https:\/\/dutchhealthstore.com\/fr\/wp-json\/wp\/v2\/users\/7912"}],"replies":[{"embeddable":true,"href":"https:\/\/dutchhealthstore.com\/fr\/wp-json\/wp\/v2\/comments?post=163410"}],"version-history":[{"count":0,"href":"https:\/\/dutchhealthstore.com\/fr\/wp-json\/wp\/v2\/posts\/163410\/revisions"}],"wp:featuredmedia":[{"embeddable":true,"href":"https:\/\/dutchhealthstore.com\/fr\/wp-json\/wp\/v2\/media\/161274"}],"wp:attachment":[{"href":"https:\/\/dutchhealthstore.com\/fr\/wp-json\/wp\/v2\/media?parent=163410"}],"wp:term":[{"taxonomy":"category","embeddable":true,"href":"https:\/\/dutchhealthstore.com\/fr\/wp-json\/wp\/v2\/categories?post=163410"},{"taxonomy":"post_tag","embeddable":true,"href":"https:\/\/dutchhealthstore.com\/fr\/wp-json\/wp\/v2\/tags?post=163410"}],"curies":[{"name":"wp","href":"https:\/\/api.w.org\/{rel}","templated":true}]}}